{"id":275,"date":"2002-10-01T18:42:44","date_gmt":"2002-10-01T18:42:44","guid":{"rendered":"http:\/\/webfabbrica.com\/360archive\/?p=275"},"modified":"2016-07-18T14:27:12","modified_gmt":"2016-07-18T14:27:12","slug":"n-9-ottobre-2002","status":"publish","type":"post","link":"http:\/\/gses.it\/360archive\/2002\/10\/01\/n-9-ottobre-2002\/","title":{"rendered":"N. 9 OTTOBRE 2002"},"content":{"rendered":"<p><em>Scarica il PDF:\u00a0<\/em><a href=\"http:\/\/gses.it\/360archive\/wp-content\/uploads\/2002\/01\/IlSolea360gradi-Anno-IX-N.9-Ottobre-2002.pdf\">IlSolea360gradi &#8211; Anno IX &#8211; N.9 Ottobre 2002<\/a><\/p>\n<p>Newsletter mensile di ISES ITALIA<\/p>\n<p>In questo numero:<\/p>\n<ul>\n<li>IN MOSTRA A ROMA IL SETTORE DEL FOTOVOLTAICO<br \/>\nDa 57 paesi 300 espositori e 700 delegati al Convegno &#8220;PV in Europe&#8221;. L&#8217;evento, dopo 14 anni in Italia, si \u00e8 svolto ad un anno dal lancio del programma &#8220;Tetti FV&#8221;, in un momento di incertezza sul futuro delle rinnovabili nel nostro paese.<\/li>\n<li>RISULTATI ED INVESTIMENTI DEI DUE PAESI LEADER NEL FOTOVOLTAICO: GERMANIA E GIAPPONE<\/li>\n<li>OPINIONI SULLE POLITICHE NECESSARIE ALLO SVILUPPO FUTURO DEL SOLARE E DELLE RINNOVABILI IN ITALIA<br \/>\nRiportiamo un contributo dell&#8217;Ing. Gianni Silvestrini, gi\u00e0 Direttore del servizio IAR del Ministero dell&#8217;Ambiente e della Tutela del Territorio, sulle politiche da adottare per un concreto sviluppo delle rinnovabili ed un estratto dell&#8217;intervento nel convegno &#8220;PV in Europe&#8221; dell&#8217;attuale Sottosegretario dello stesso Ministero, On. Antonio Martusciello (con delega alle fonti rinnovabili e all&#8217;efficienza energetica), sul ruolo che potrebbe giocare il fotovoltaico nel nostro paese.<\/li>\n<li>LO SVILUPPO DEL FOTOVOLTAICO A CONCENTRAZIONE NEL PROGETTO &#8220;PHOCUS&#8221; DELL&#8217;ENEA<br \/>\nUn prototipo da 25 kW verr\u00e0 realizzato entro il giugno 2004 al centro ENEA di Manfredonia. L&#8217;efficienza di ogni singolo modulo \u00e8 prevista intorno al 20%.<\/li>\n<li>RALLENTA L&#8217;EOLICO IN ITALIA NEL 2002. QUALI LE CAUSE?<\/li>\n<li>UN PROGRAMMA DINAMICO DI SIMULAZIONE PER DIMENSIONARE ED OTTIMIZZARE GLI IMPIANTI SOLARI TERMICI<\/li>\n<li>COMUNIT\u00c0 LOCALI A ENERGIA SOLARE<br \/>\nDUE INNOVATIVI PROGETTI FINANZIATI DALLA REGIONE UMBRIA<br \/>\nL&#8217;Universit\u00e0 di Perugia propone la realizzazione di un impianto per la termovalorizzazione di biomasse mediante pirolisi. Una societ\u00e0 di Terni realizzer\u00e0 concentratori solari per la produzione su piccola scala di elettricit\u00e0.<br \/>\nBANDI NELLA REGIONE LAZIO PER ABITAZIONI AD EMISSIONI ZERO E PER LA DIFFUSIONE DELLE RINNOVABILI IN AREE DEPRESSE<\/li>\n<li>NEWS<\/li>\n<li>A GIANNI SILVESTRINI ASSEGNATO IL PREMIO SPECIALE DELLA CONFERENZA &#8220;PV IN EUROPE&#8221;<\/li>\n<li>CORSO GRATUITO SU ENERGIA DA BIOMASSE ALL&#8217;ISMA<\/li>\n<li>IL PROGETTO DELLA CITT\u00c0 ELIOTERMICA IN SPAGNA<\/li>\n<li>LA NUOVA SEDE &#8220;SOLARE&#8221; DI LEGAMBIENTE A MILANO<\/li>\n<li>RETE TEMATICA SULL&#8217;ENERGIA DEGLI OCEANI<\/li>\n<li>COLLETTORI SOLARI AD ARIA: COME FUNZIONANO, I RISPARMI, LE APPLICAZIONI<\/li>\n<li>DAL MINISTERO DELL&#8217;AMBIENTE<br \/>\nNUOVE RISORSE PER IL SOLARE TERMICO ED EDUCAZIONE AL SOLARE NELLE SCUOLE<br \/>\nDefinita la ripartizione delle risorse regionali per il Programma nazionale &#8220;Solare termico&#8221;. Inoltre, una speciale iniziativa sul solare termico nel carcere di Rebibbia a Roma. Conclusi gli stage per i docenti nell&#8217;ambito del progetto &#8220;Il Sole a Scuola&#8221;.<\/li>\n<li>FOCUS TECNOLOGIA<br \/>\nIL FOTOVOLTAICO INTEGRATO IN EDILIZIA: PROGETTAZIONE E POTENZIALIT\u00c0 ESPRESSIVE<br \/>\nLe potenzialit\u00e0 progettuali del fotovoltaico integrato in strutture edili. Integrare i moduli FV nelle architetture e trasformarli in componenti edili ha notevolmente ampliato gli orizzonti del FV e quelli dell&#8217;architettura.<\/li>\n<li>NOTIZIE DA ISES ITALIA<\/li>\n<li>EVENTI<\/li>\n<\/ul>\n<p><!--more--><\/p>\n<h4>IN MOSTRA A ROMA IL SETTORE DEL FOTOVOLTAICO<\/h4>\n<p>Da 57 paesi 300 espositori e 700 delegati al Convegno &#8220;PV in Europe&#8221;. L&#8217;evento, dopo 14 anni in Italia, si \u00e8 svolto ad un anno dal lancio del programma &#8220;Tetti FV&#8221;, in un momento di incertezza sul futuro delle rinnovabili nel nostro paese.<\/p>\n<p>Dal 7 all&#8217;11 ottobre ha avuto luogo a Roma &#8211; ribattezzata per l&#8217;occasione capitale solare d&#8217;Europa &#8211; la pi\u00f9 grande conferenza europea del 2002 sul fotovoltaico: &#8220;Il Fotovoltaico in Europa &#8211; Soluzioni energetiche dalla tecnologia fotovoltaica&#8221;, mirata soprattutto a fare il punto sullo sviluppo del settore in Europa, nell&#8217;area Mediterranea e nei paesi in via di sviluppo. Un&#8217;intera giornata \u00e8 stata dedicata anche agli sviluppi in Italia con la partecipazione di circa 250 persone. La manifestazione ha avuto luogo in un momento di rinnovato interesse per le fonti rinnovabili, per il moltiplicarsi degli allarmi a livello internazionale sull&#8217;ambiente, sulla sicurezza degli approvvigionamenti energetici e sul crescente divario nord-sud, tutti temi riportati alla ribalta anche dal recente vertice di Johannesburg.<\/p>\n<p>Negli ultimi anni il mercato mondiale del FV \u00e8 cresciuto dai 45 MWp del 1990 ai 290 MWp del 2000 ai 430 MWp di oggi (nel mondo sono installati impianti per oltre 3.000 GW), con una crescita media annua del 25% e una riduzione del costo del kWh da 1 a 0,50 euro. Con ulteriori innovazioni tecnologiche si potrebbe facilmente arrivare ad un costo di 0,20 euro\/kWh, soglia che renderebbe la tecnologia competitiva almeno rispetto al valore dell&#8217;energia elettrica prodotta nelle ore di punta. I sistemi FV integrati negli edifici e collegati alla rete elettrica costituiscono attualmente il 60% del mercato, con la leadership di Germania e Giappone (vedi articolo successivo), che, grazie ad adeguate politiche di incentivazione, hanno installato nel 2001 rispettivamente 22.000 e 25.000 sistemi in edifici residenziali, commerciali e industriali e su strutture pubbliche, quali le scuole. In Germania, negli ultimi 10 anni, sono stati installati sistemi FV in circa 1000 scuole. I tedeschi, forti dei successi ottenuti, propongono incrementare il programma FV, con l&#8217;installazione di 1.000.000 di sistemi entro il 2010. I giapponesi hanno mostrato come l&#8217;elemento vincente del loro programma, anche dal punto di vista economico, sia stato l&#8217;inserimento dei sistemi solari gi\u00e0 nella fase di progettazione dei nuovi edifici. I grandi costruttori immobiliari hanno infatti brevettato e messo a catalogo edifici dotati di impianti FV &#8220;di serie&#8221;. Per quanto riguarda l&#8217;Italia il programma &#8220;Tetti fotovoltaici&#8221; ha finanziato 450 progetti nel 2001 e dovrebbe consentire l&#8217;installazione di sistemi per un totale di 20 MW alla fine del 2003. Purtroppo anche la lentezza nelle procedure burocratiche (definizioni dei bandi e delle graduatorie) da parte delle Regioni sta ritardando la realizzazione degli impianti e mettendo in crisi diverse aziende del settore.<\/p>\n<p>Dai prodotti esposti e dalle relazioni presentate \u00e8 stato confermato l&#8217;enorme potenziale del FV integrato negli edifici; questa soluzione applicativa consentirebbe di proporre il prodotto FV, ancora ritenuto costoso, specializzato e di \u00e9lite, come prodotto di massa, analogo ai tanti altri utilizzati in edilizia e pertanto con un forte carattere strategico per le ricadute sul settore delle costruzioni e sui relativi impianti energetici. Il costo del modulo come componente edile di alta qualit\u00e0 estetica per edifici di prestigio (banche o sedi istituzionali) \u00e8 di circa 400 euro\/m2, gi\u00e0 oggi confrontabile con il costo di altri materiali per il rivestimento di tetti e facciate, quali graniti (300 euro\/m2) e vetri isolanti (250 euro\/m2). I progressi tecnologici consentono inoltre di realizzare sistemi FV sempre pi\u00f9 affidabili e sicuri, semplici da installare e mantenere, come il sistema &#8220;senza cavi&#8221; (proposto da una societ\u00e0 danese) realizzato con moduli FV montati su barre di alluminio con funzioni allo stesso tempo di sostegno ed elettriche, standardizzato dalla fabbricazione fino al riciclaggio di tutti i sui componenti.<\/p>\n<p>Nel corso della manifestazione di Roma, l&#8217;argomento della progettazione degli edifici solari \u00e8 stato oggetto anche di un workshop parallelo nel quale famosi architetti, quali il tedesco Thomas Herzog e l&#8217;italiano Manfredi Nicoletti, hanno illustrato opere architettoniche di grande bellezza e funzionalit\u00e0 dal punto di vista dei risparmi e dell&#8217;efficienza energetica. Attraverso un approccio per l&#8217;integrazione di tecnologie per il risparmio e l&#8217;efficienza energetica e di sistemi solari \u00e8 possibile realizzare edifici con nuove caratteristiche estetiche e a bassi consumi (intorno ai 35 kWh\/m2 contro gli attuali 150-200 kWh\/m2), in grado, addirittura, di produrre con il sole pi\u00f9 energia di quella che consumano.<\/p>\n<p>Le applicazioni per i paesi in via di sviluppo costituiscono un&#8217;altra importante prospettiva per il settore del FV e delle rinnovabili in generale. Grazie anche agli accordi scaturiti dal vertice di Johannesburg, tra cui il lancio dell'&#8221;Iniziativa dell&#8217;Unione Europea&#8221;, sono ora finalizzati progetti di cooperazione internazionale per l&#8217;uso delle rinnovabili in comunit\u00e0 isolate per dissalare l&#8217;acqua di mare e dei pozzi salmastri, per la refrigerazione di prodotti di pesca e agricoltura, per alimentare attivit\u00e0 artigianali o commerciali necessarie a migliorare le condizioni economiche. Il contributo italiano alla citata iniziativa europea, in particolare per i paesi dell&#8217;area mediterranea, \u00e8 previsto che si concretizzi nei prossimi mesi in accordi e progetti con il coinvolgimento delle istituzioni, delle grandi aziende energetiche e del settore privato.<\/p>\n<p>Per ulteriori informazioni: www.etaflorence.it<\/p>\n<h4>RISULTATI ED INVESTIMENTI DEI DUE PAESI LEADER NEL FOTOVOLTAICO: GERMANIA E GIAPPONE<\/h4>\n<p>Nel corso della conferenza &#8220;PV in Europe&#8221; svoltasi a Roma ad ottobre sono stati analizzati gli andamenti dei mercati nazionali del fotovoltaico (FV), con particolare attenzione a quelli attualmente pi\u00f9 significativi, cio\u00e8 il mercato tedesco e giapponese.<\/p>\n<p>In Germania, a seguito delle recenti elezioni, \u00e8 stata confermata la coalizione che negli anni passati si era fatta promotrice dello sviluppo del settore, superando alcune incertezze che si stavano percependo sul suo futuro; il governo ha immediatamente confermato ed anzi rilanciato il suo impegno proponendo 1 milioni di tetti FV entro il 2010. Cosa \u00e8 stato fatto in questi anni in Germania nel FV? Innanzitutto bisogna sottolineare l&#8217;impressionante crescita delle installazioni nel 2001: 78 MW di impianti connessi alla rete e 2,9 MW di impianti isolati.<\/p>\n<p>Questi numeri rappresentano un incremento dell&#8217;86% e del 26%, rispettivamente in questi due segmenti di mercato rispetto all&#8217;anno precedente. Se andiamo indietro negli anni ci rendiamo conto di come il programma di incentivazione tedesco, che valorizza il kWh fotovoltaico prodotto in sistemi grid-connected (incentivo in conto esercizio), sia stato da stimolo per la creazione di un importante mercato e di un&#8217;industria sempre pi\u00f9 forte e competitiva; infatti gli impianti connessi alla rete sono passati da 9,5 MW nel &#8217;98, a 13,3 MW nel &#8217;99, a 44,3 MW nel 2000, per arrivare infine ai 78 MW del 2001. Va rilevato che, sebbene la produzione nazionale di moduli FV abbia registrato un incremento dell&#8217;81% rispetto al 2000 (29 MW), le importazioni sono pi\u00f9 che raddoppiate (pari ad oltre 80 MW) per soddisfare la tumultuosa domanda del 2001 (vedi tabella).<\/p>\n<table width=\"344\">\n<tbody>\n<tr>\n<td valign=\"TOP\" width=\"42%\">\n<p align=\"CENTER\">(in MW)<\/p>\n<\/td>\n<td valign=\"TOP\" width=\"19%\">\n<p align=\"CENTER\"><strong>1999<\/strong><\/p>\n<\/td>\n<td valign=\"TOP\" width=\"19%\">\n<p align=\"CENTER\"><strong>2000<\/strong><\/p>\n<\/td>\n<td valign=\"TOP\" width=\"19%\">\n<p align=\"CENTER\"><strong>2001<\/strong><\/p>\n<\/td>\n<\/tr>\n<tr>\n<td valign=\"TOP\" width=\"42%\">\n<p align=\"JUSTIFY\"><strong>Produzione totale<\/strong><\/p>\n<\/td>\n<td valign=\"TOP\" width=\"19%\">\n<p align=\"RIGHT\">8,8<\/p>\n<\/td>\n<td valign=\"TOP\" width=\"19%\">\n<p align=\"RIGHT\">16,1<\/p>\n<\/td>\n<td valign=\"TOP\" width=\"19%\">\n<p align=\"RIGHT\">29,0<\/p>\n<\/td>\n<\/tr>\n<tr>\n<td valign=\"TOP\" width=\"42%\">\n<p align=\"JUSTIFY\"><strong>Capacit\u00e0 produttiva<\/strong><\/p>\n<\/td>\n<td valign=\"TOP\" width=\"19%\">\n<p align=\"RIGHT\">27,0<\/p>\n<\/td>\n<td valign=\"TOP\" width=\"19%\">\n<p align=\"RIGHT\">33,4<\/p>\n<\/td>\n<td valign=\"TOP\" width=\"19%\">\n<p align=\"RIGHT\">56,0<\/p>\n<\/td>\n<\/tr>\n<tr>\n<td valign=\"TOP\" width=\"42%\">\n<p align=\"JUSTIFY\"><strong>Esportazioni<\/strong><\/p>\n<\/td>\n<td valign=\"TOP\" width=\"19%\">\n<p align=\"RIGHT\">nd<\/p>\n<\/td>\n<td valign=\"TOP\" width=\"19%\">\n<p align=\"RIGHT\">1,7<\/p>\n<\/td>\n<td valign=\"TOP\" width=\"19%\">\n<p align=\"RIGHT\">2,7<\/p>\n<\/td>\n<\/tr>\n<tr>\n<td valign=\"TOP\" width=\"42%\">\n<p align=\"JUSTIFY\"><strong>Importazioni<\/strong><\/p>\n<\/td>\n<td valign=\"TOP\" width=\"19%\">\n<p align=\"RIGHT\">nd<\/p>\n<\/td>\n<td valign=\"TOP\" width=\"19%\">\n<p align=\"RIGHT\">37,4<\/p>\n<\/td>\n<td valign=\"TOP\" width=\"19%\">\n<p align=\"RIGHT\">&gt; 80,0<\/p>\n<\/td>\n<\/tr>\n<\/tbody>\n<\/table>\n<p>Secondo alcune ricerche, la potenza totale cumulata installata nel paese \u00e8 di circa 194 MW (in Italia siamo intorno sotto i 20 MW). Un altro dato importante \u00e8 il livello dell&#8217;occupazione creata in Germania dall&#8217;industria del FV. Attualmente si registrano almeno 6.000 posti di lavoro a tempo pieno nel settore, con un incremento del 57% rispetto al 2000. Se pensiamo che gli addetti alla produzione dei vari componenti FV sono stimati in 2.200 e che, come detto, la maggior parte dei moduli sono stati importati, si deve ritenere che l&#8217;espansione del mercato tedesco abbia favorito la crescita dell&#8217;occupazione anche in altri paesi. Oltre agli occupati nell&#8217;industria, in Germania risultano almeno 2.500 addetti impegnati in societ\u00e0 di distribuzione ed installazione dei sistemi e circa 460 sono coloro che svolgono attivit\u00e0 di ricerca e sviluppo (istituti di ricerca e universit\u00e0).<\/p>\n<p>Anche in Giappone il mercato FV ha registrato nel 2001 un tasso di crescita: 115 MW di installazioni aggiuntive per un incremento annuale pari al 54% rispetto al 2000. Secondo i dati della New Energy Foundation, nel paese asiatico sono stati installati finora 334 MW, ma gli obiettivi sono molto ambiziosi; infatti il governo giapponese, anche rivedendo al ribasso il sistema di incentivazione in corso, ha confermato il suo impegno di raggiungere 4.820 MW di FV installato al 2010.<\/p>\n<p>La strada per ottenere questi risultati \u00e8 tracciata anche dal Ministero dell&#8217;Economia, Commercio ed Industria, che per l&#8217;anno fiscale 2003 ha impegnato fondi per circa 230 milioni di euro esclusivamente dedicati allo sviluppo del FV (di cui circa 88 milioni di euro per sussidi al programma di diffusione del FV nell&#8217;edilizia residenziale ed oltre 45 milioni di euro in R&amp;S). Anche se la cifre in gioco per il programma &#8220;Tetti FV&#8221; giapponese sono ridotte rispetto al 2002, bisogna considerare che i sussidi erogati negli anni precedenti hanno permesso di ridurre di circa il 42% i costi per un tipico impianto residenziale da 3 kW: dai 7.300 euro per kWp del 2000 si \u00e8 passati ai 4.500 euro\/kWp nel 2002. Anche i sussidi per\u00f2 sono diminuiti nel corso degli anni e si sono attestati a circa 850 euro per kW installato. L&#8217;industria giapponese indica come un obiettivo fattibile il raggiungimento, al 2030, di circa 82.800 MW fotovoltaici installati, con un costo del kWp ridotto a 1.690 euro.<\/p>\n<h4>OPINIONI SULLE POLITICHE NECESSARIE ALLO SVILUPPO FUTURO DEL SOLARE E DELLE RINNOVABILI IN ITALIA<\/h4>\n<p>Riportiamo un contributo dell&#8217;Ing. Gianni Silvestrini, gi\u00e0 Direttore del servizio IAR del Ministero dell&#8217;Ambiente e della Tutela del Territorio, sulle politiche da adottare per un concreto sviluppo delle rinnovabili ed un estratto dell&#8217;intervento nel convegno &#8220;PV in Europe&#8221; dell&#8217;attuale Sottosegretario dello stesso Ministero, On. Antonio Martusciello (con delega alle fonti rinnovabili e all&#8217;efficienza energetica), sul ruolo che potrebbe giocare il fotovoltaico nel nostro paese.<\/p>\n<p>Contro i rischi di crisi, creare un fronte politico ampio per un rilancio delle fonti rinnovabili<\/p>\n<p>di Gianni Silvestrini (Direttore scientifico del Kyotoclub)<\/p>\n<p>La conferma del governo rosso-verde in Germania dovrebbe garantire la continuazione fino al 2006 del ruolo di locomotiva mondiale delle fonti rinnovabili conquistato negli ultimi anni dal paese centro-europeo (basta ricordare i dati aggiornati all&#8217;estate 2002: 10.000 MW eolici, 4 milioni di metri quadrati di collettori solari, 200 MW fotovoltaici). Un segnale del clima creatosi dopo le recenti elezioni viene dalla proposta di passare dall&#8217;obiettivo di 100.000 a quello di 1 milione di tetti fotovoltaici. Il dinamismo tedesco bilancia le cattive notizie che vengono dalla Danimarca e dall&#8217;Olanda dove i nuovi governi di centro-destra hanno fortemente rallentato l&#8217;impegno sulle rinnovabili, in particolare nel comparto eolico. Per altro, un paese governato dal centro-destra, la Spagna, continua invece a mietere successi nell&#8217;impiego delle energie pulite.<\/p>\n<p>E in Italia? La tendenza degli ultimi anni a recuperare il tempo perso sembra scontare una battuta d&#8217;arresto. Il settore eolico, che raggiunti i 700 MW nel 2001 poteva quest&#8217;anno superare i 1000 MW, segna il passo (l&#8217;incremento sar\u00e0 di poco superiore ai 100 MW). L&#8217;attivismo del movimento contrario alla diffusione degli aerogeneratori ha contribuito a generare confusione e paralisi nelle Regioni. Non ha poi certo aiutato la posizione di esponenti del Governo che si sono pronunciati criticamente nei confronti di questa tecnologia. Nel campo del fotovoltaico gli ultimi segnali non entusiasmanti provenienti dal Ministero dell&#8217;Ambiente hanno destato allarme nell&#8217;industria del settore. Gli effetti di questa situazione di incertezza si manifestano con un rallentamento del mercato che si riflette anche a livello occupazionale, come dimostra la messa in cassa integrazione di dipendenti dalle principali imprese impegnate nella produzione di tecnologie solari ed eoliche, Eurosolare e IWT.<\/p>\n<p>Preoccupante anche il disegno di legge governativo di riordino del mercato energetico approvato nel mese di settembre, che prevede tra il 2006 e il 2012 un incremento annuo della quota di elettricit\u00e0 verde pari allo 0,35% dell&#8217;elettricit\u00e0 prodotta dalle centrali termoelettriche (oltre al 2% gi\u00e0 fissato per il 2002). L&#8217;elettricit\u00e0 addizionale che si otterrebbe nel 2010 con i tassi di crescita proposti (11 TWh) \u00e8 inferiore di due terzi rispetto al valore indicato per l&#8217;Italia dalla Direttiva europea sulle fonti rinnovabili nel settembre 2001. Inoltre, il disegno di legge che contiene la provocazione di inserire la miscela acqua-carbone tra le fonti rinnovabili rappresenta un pessimo segnale per le rinnovabili, anche se \u00e8 destinata probabilmente a scomparire nella discussione in Parlamento.<\/p>\n<p>A fronte delle nuvole che si addensano sul fronte delle energie pulite occorre aprire un fronte politicamente trasversale dentro le istituzioni e nelle forze politiche di tutti coloro che credono nell&#8217;importanza di un forte sviluppo delle fonti rinnovabili nel nostro paese, in coerenza con gli impegni internazionali.<br \/>\nL&#8217;importanza strategica della diffusione del fotovoltaico in Italia<\/p>\n<p>Estratto dell&#8217;Intervento dell&#8217;On. Antonio Martusciello (sottosegretario del Ministero dell&#8217;Ambiente e della Tutela del Territorio) nel corso della sessione di apertura della Conferenza &#8220;PV in Europe&#8221;.<\/p>\n<p>Nel corso della sessione d&#8217;apertura del convegno &#8220;PV in Europe&#8221;, l&#8217;On. Antonio Martusciello, sottosegretario del Ministero dell&#8217;Ambiente e del Tutela del Territorio, ha voluto portare il punto di vista dell&#8217;attuale governo sullo sviluppo delle rinnovabili e in particolare del fotovoltaico. All&#8217;inizio del suo intervento si \u00e8 soffermato sulle caratteristiche della tecnologia fotovoltaica, concentrando le proprie considerazioni sul tema dell&#8217;integrazione dei sistemi FV negli edifici, che consentirebbe non solo di produrre energia elettrica dove si trova l&#8217;utenza, risparmiando cos\u00ec sulle perdite di trasmissione e distribuzione e sui costi di manutenzione per i distributori, ma di offrire anche altri vantaggi di natura architettonica e ambientale, derivanti dall&#8217;opportunit\u00e0 di poter utilizzare le superfici degli edifici per la captazione dell&#8217;energia solare ed i moduli FV come componenti edili per la realizzazione di tetti, facciate, sistemi di ombreggiamento, ecc. Martusciello ha quindi evidenziato come questa tecnologia metta a disposizione del progettista un materiale da costruzione flessibile e multifunzionale, che consente di creare edifici sostenibili dal punto di vista ambientale ed energetico, senza sacrificare il comfort e l&#8217;estetica. Per i produttori italiani l&#8217;augurio \u00e8 quello di poter sviluppare prodotti di alta qualit\u00e0 comparabile con la reputazione dello &#8220;Stile italiano&#8221;.<\/p>\n<p>Martusciello ha ricordato come l&#8217;elettricit\u00e0 prodotta dagli impianti FV pu\u00f2 contribuire alla riduzione delle emissioni di gas serra e al miglioramento della qualit\u00e0 dell&#8217;aria nelle citt\u00e0. Inoltre, ha dichiarato il sottosegretario, il settore FV \u00e8 ad alto valore tecnologico e in grado di creare a nuovi posti di lavoro che, a livello mondiale, sono stimati tra 2.500.000 e 3.000.000 al 2010. Da queste opportunit\u00e0, ha sottolineato Martusciello, deriva un valore aggiunto che giustifica il fatto per cui l&#8217;Italia sta finanziando e promuovendo un Programma &#8220;Tetti Fotovoltaici&#8221;. Si tratta di un programma ambizioso per il quale gli incentivi gi\u00e0 stanziati attiveranno investimenti per quasi 200 milioni di euro, con la realizzazione, entro la fine 2003, di 5.000 impianti per una potenza totale di oltre 20 MW, rispetto ad una media annua di 1\u00f72 MW installati nel passato recente.<\/p>\n<p>Nella parte finale del suo intervento Martusciello ha esaminato le barriere che la tecnologia FV deve superare per accedere in modo competitivo nel mercato dell&#8217;energia e dell&#8217;edilizia: i costi ancora elevati, la mancanza di informazione, l&#8217;orientamento tradizionale alle produzioni elettriche centralizzate, la non considerazione dei costi esterni ambientali. \u00c8 significativo che testate internazionali importanti come l&#8217;Economist &#8211; prosegue Martusciello &#8211; abbiano recentemente indicato il fotovoltaico come la nuova rivoluzione nella produzione di energia di piccolissima taglia. Alcuni governi hanno compiuto scelte strategiche innovative per la diffusione di questa tecnologia ed \u00e8 tra questi governi, ha concluso Martusciello, che l&#8217;Italia desidera collocarsi.<\/p>\n<h4>LO SVILUPPO DEL FOTOVOLTAICO A CONCENTRAZIONE NEL PROGETTO &#8221; PHOCUS&#8221; DELL&#8217;ENEA<\/h4>\n<p>Un prototipo da 25 kW verr\u00e0 realizzato entro il giugno 2004 al centro ENEA di Manfredonia. L&#8217;efficienza di ogni singolo modulo \u00e8 prevista intorno al 20%.<\/p>\n<p>Tra le linee strategiche di ricerca intraprese a livello internazionale nel settore fotovoltaico al fine di accelerare il processo di riduzione dei costi di questa tecnologia si sta lavorando, oltre che sull&#8217;aumento dell&#8217;efficienza delle diverse tipologie di celle, anche sul fotovoltaico a concentrazione, considerato come un&#8217;interessante opzione per ridurre in maniera significativa l&#8217;incidenza della parte fotovoltaica, che verrebbe sostituita con materiali semi-convenzionali meno costosi. Nel FV a concentrazione la radiazione solare non va ad incidere direttamente sulle celle, ma viene concentrata da opportune lenti; \u00e8 come se le celle fossero investite non dalla radiazione proveniente da un unico sole ma da 100, 200 o pi\u00f9 soli (ci\u00f2 dipende dal tipo di lente utilizzata) con una conseguente riduzione dell&#8217;area di moduli FV da utilizzare.<\/p>\n<p>L&#8217;ENEA, con l&#8217;obiettivo di dimostrare la fattibilit\u00e0 tecnica del FV a concentrazione, la maggiore potenzialit\u00e0 e la competitivit\u00e0 economica rispetto al FV convenzionale, ha attivato il Progetto PhoCUS (Photovoltaic Concentrators to Utility Scale) che prevede sia attivit\u00e0 di Ricerca &amp; Sviluppo sia di dimostrazione e sperimentazione sul campo. Le prime (da svolgere presso i laboratori dei Centri Enea di Portici e Casaccia) sono relative ai principali componenti dell&#8217;impianto, quali la cella, il dispositivo ottico, il modulo, la struttura ad inseguimento ed il sistema di condizionamento della potenza; le seconde prevedono l&#8217;installazione di facilities sperimentali presso il Centro Enea di Portici, tra cui la realizzazione di un impianto pilota da 25 kW nell&#8217;Area Sperimentale Enea di Monte Aquilone presso Manfredonia.<\/p>\n<p>La progettazione di un sistema FV a concentrazione si presenta un po&#8217; pi\u00f9 complessa rispetto al fotovoltaico piano. Infatti il modulo presenta una maggiore complessit\u00e0, dovuta alla numerosit\u00e0 dei componenti da assemblare; inoltre \u00e8 necessario utilizzare un sistema di supporto dei moduli capace di &#8220;inseguire&#8221; il sole durante la giornata in modo da massimizzare la radiazione incidente e anche per il fatto che la struttura di cella si presenta pi\u00f9 sofisticata per poter ottenere alti valori di efficienza in presenza di una maggiore radiazione solare incidente.<\/p>\n<p>Lo scopo del Progetto PhoCUS \u00e8 di realizzare una unit\u00e0 standard da 5 kW che possa costituire un sistema autonomo od un elemento di un impianto di maggiore dimensione. Per ottenere ci\u00f2, il sistema di condizionamento della potenza della singola unit\u00e0 si basa sull&#8217;uso di inverter di tipo multistringa da connettere su una rete in bassa tensione. Ogni unit\u00e0 sar\u00e0 costituita da un generatore FV, formato da 24 moduli per una superficie complessiva dell&#8217;ordine dei 32 m2, installato su una singola struttura ad inseguimento (eliostato). Il singolo modulo FV avr\u00e0 dimensioni di 1\u00f71.3 m2 ed uno spessore tra i 20-25 cm. L&#8217;efficienza nominale dipender\u00e0 dall&#8217;efficienza delle celle che saranno utilizzate. Nel caso di celle con efficienza dell&#8217;ordine del 23,5% a 200 soli, una buona progettazione del componente potr\u00e0 assicurare un&#8217;efficienza di modulo del 20%. Il dispositivo ottico che sar\u00e0 integrato nei moduli (uno per ogni cella) sar\u00e0 un concentratore rifrattivo prismatico, sviluppato da Enea ed in corso di brevetto; esso garantir\u00e0 sulla cella, con superficie di circa 1 cm2, un fattore di concentrazione di 200. La struttura ad inseguimento sui due assi (alt-azimutale) dovr\u00e0 coniugare un basso costo con soluzioni progettuali semplici, ma allo stesso tempo garantire affidabilit\u00e0 e correttezza di funzionamento. L&#8217;impianto pilota di Manfredonia sar\u00e0 costituito da 5 unit\u00e0 base da 5 kW.<\/p>\n<p>E&#8217; previsto che l&#8217;installazione dell&#8217;impianto avvenga per fasi successive, in modo che gi\u00e0 nell&#8217;ambito del presente progetto possano essere apportate tutte le modifiche migliorative che dalle prime prove sperimentali risulteranno necessarie. La prima tranche da 5 kW sar\u00e0 installata e messa in funzione entro l&#8217;estate del 2003, mentre il completamento dell&#8217;impianto (gli ultimi 10 kW) \u00e8 previsto entro giugno 2004. A livello italiano ricerche e sperimentazioni sul fotovoltaico a concentrazione sono in corso anche presso le Universit\u00e0 di Ferrara, Cagliari, il Politecnico di Milano ed altri Centri di ricerca quale il CESI. In particolare presso l&#8217;Universit\u00e0 di Ferrara \u00e8 in corso di sperimentazione un sistema con un concentratore parabolico puntuale a specchi piani capace di una concentrazione di oltre 100 soli.<\/p>\n<p>Esempio di impianto FV a concentrazione sviluppato dalla ditta americana Amonix<\/p>\n<figure id=\"attachment_466\" aria-describedby=\"caption-attachment-466\" style=\"width: 283px\" class=\"wp-caption aligncenter\"><img loading=\"lazy\" class=\"size-full wp-image-466\" src=\"http:\/\/webfabbrica.com\/360archive\/wp-content\/uploads\/2002\/10\/schema_8.jpg\" alt=\"Schema preliminare dei diversi componenti del modulo FV a concentrazione progettato dall'ENEA\" width=\"283\" height=\"175\" \/><figcaption id=\"caption-attachment-466\" class=\"wp-caption-text\">Schema preliminare dei diversi componenti del modulo FV a concentrazione progettato dall&#8217;ENEA<\/figcaption><\/figure>\n<h4>RALLENTA L&#8217;EOLICO IN ITALIA NEL 2002. QUALI LE CAUSE?<\/h4>\n<p>Il 2002 sar\u00e0 un anno di frenata per la crescita delle installazioni eoliche in Italia. Alla fine di settembre erano stati connessi alla rete solo 74,18 MW, per una potenza cumulata totale pari a circa 756 MW. Secondo alcune stime si ritiene che al dicembre 2002 non saranno installati e connessi alla rete pi\u00f9 di 120 MW aggiuntivi (per un totale di circa 800 MW).Va notato che nel 2001 furono connessi alla rete circa 270 MW eolici e l&#8217;anno precedente 145 MW. Quindi un mercato nazionale in lieve decremento ed in controtendenza rispetto a quello europeo che anche quest&#8217;anno registrer\u00e0 probabilmente una crescita del 25%.<\/p>\n<p>Le ragioni di questo rallentamento sono da ricercare essenzialmente in due aspetti: la mancata assimilazione del nuovo sistema di incentivazione dei certificati verdi soprattutto da parte degli istituti di credito, nonostante il kWh eolico siano valuto sul mercato 240\u00f7260 lire (valore simile al CIP 6); negli ostacoli autorizzativi posti da alcuni Comuni ed alcune Regioni (in primis Umbria e Marche) anche sull&#8217;onda di una campagna contro la presenza degli aerogeneratori nel nostro paese. Una polemica che pi\u00f9 volte ISES ITALIA ha cercato di contestare mettendo in rilievo che un&#8217;attenta &#8220;progettazione ambientale&#8221; delle centrali eoliche pu\u00f2 fornire vantaggi energetici, ambientali e sociali a zone del nostro territorio spesso marginali, consentendo di raggiungere l&#8217;obiettivo fissato dal Libro Bianco di almeno 3.000 MW entro il 2010.<\/p>\n<h4>UN PROGRAMMA DINAMICO DI SIMULAZIONE PER DIMENSIONARE ED OTTIMIZZARE GLI IMPIANTI SOLARI TERMICI<\/h4>\n<p>T*SOL \u00e8 un programma sviluppato per supportare la progettazione professionale e facilitare il dimensionamento di impianti solari termici. Si rivolge quindi a ingegneri e installatori che nella loro attivit\u00e0 si confrontano con la progettazione di impianti solari termici. Il programma permette di verificare, mediante modifiche ai parametri dell&#8217;impianto, se la configurazione scelta \u00e8 ottimale rispetto alle necessit\u00e0 e alle caratteristiche climatiche del luogo, quali risultati annui si possono ottenere e che cosa succede al variare delle condizioni di contorno. Risponde a una serie di domande importanti, per esempio:<\/p>\n<ul>\n<li>Qual \u00e8 la superficie ottimale di collettori e quale il volume del serbatoio?<\/li>\n<li>L&#8217;impianto configurato come cambia le sue prestazioni al variare dei collettori impiegati?<\/li>\n<li>Quanto e come incide una variazione del fabbisogno di acqua calda sulla resa dell&#8217;impianto?<\/li>\n<\/ul>\n<p>La possibilit\u00e0 di effettuare una simulazione su base annua rende evidenti le variazioni dinamiche dell&#8217;impianto. Grazie alla quantificazione del risparmio di combustibile possibile, inserendo i parametri economici si pu\u00f2 eseguire un calcolo di redditivit\u00e0 del sistema.<\/p>\n<p>La versione T*SOL 4.0x Professional offre una scelta tra 16 schemi di impianti solari termici, sia per la produzione di acqua calda sanitaria sia per il riscaldamento degli ambienti; altri 11 schemi sono presenti nel modulo aggiuntivo &#8220;Piscine&#8221; ed ulteriori 5 nel modulo &#8220;Grandi impianti&#8221;. Gi\u00e0 nella configurazione standard \u00e8 contenuta una banca dati ricca di componenti (per esempio serbatoi combinati e a tampone) ed anche un generatore di ombre. L&#8217;assistente al dimensionamento guida il progettista in una sequenza automatica di dimensionamento. Un calcolo di confronto tra le diverse varianti permette all&#8217;utente di scegliere la configurazione ottimale. I risultati ottenuti &#8211; temperature, energie e gradi di rendimento &#8211; vengono registrati in un file che pu\u00f2 essere richiamato per una valutazione completa dell&#8217;impianto.<\/p>\n<p>Il programma, che nasce in Germania (Valentin Energiesoftware), \u00e8 stato adattato per l&#8217;uso in Italia da Ambiente Italia srl ed \u00e8 disponibile in lingua italiana dall&#8217;estate 2002. Una versione demo del programma e le informazioni per l&#8217;acquisto sono scaricabili dal sito www.ambienteitalia.it\/solare.htm.<\/p>\n<p>Per informazioni: Ambiente Italia srl<br \/>\nfax 02 27744222<br \/>\ne-mail: tsol@ambienteitalia.it<\/p>\n<h4>COMUNIT\u00c0 LOCALI A ENERGIA SOLARE<\/h4>\n<p><strong>DUE INNOVATIVI PROGETTI FINANZIATI DALLA REGIONE UMBRIA<\/strong><\/p>\n<p>L&#8217;Universit\u00e0 di Perugia propone la realizzazione di un impianto per la termovalorizzazione di biomasse mediante pirolisi. Una societ\u00e0 di Terni realizzer\u00e0 concentratori solari per la produzione su piccola scala di elettricit\u00e0.<\/p>\n<p>L&#8217;Assessorato all&#8217;Energia della Regione Umbria ha presentato nel corso di una conferenza stampa tenutasi l&#8217;8 ottobre due progetti di impianti innovativi per la produzione di energia da biomasse (agricole e forestali) e dall&#8217;energia solare. I due progetti sono stati ammessi a finanziamento ai sensi del bando approvato con DGR n. 3 del 10\/1\/01 per la realizzazione di impianti dimostrativi nel settore delle rinnovabili.<\/p>\n<p>L&#8217;impianto per la pirolisi di biomasse residuali<\/p>\n<p>Il progetto proposto dal Dipartimento d&#8217;Ingegneria Industriale dell&#8217;Universit\u00e0 degli Studi di Perugia in collaborazione con l&#8217;ISRIM di Terni (Istituto Superiore di Ricerca e Formazione sui materiali speciali per le tecnologie avanzate), che avr\u00e0 un costo di circa 730.000 euro, riguarda la realizzazione di un impianto dimostrativo sperimentale per la termovalorizzazione su micro-scala di biomasse residuali mediante tecnologia di pirolisi ed utilizzo del gas di sintesi in una microturbina con potenza elettrica di circa 100 kW.<\/p>\n<p>L&#8217;impianto si propone come una delle prime esperienze mondiali di conversione in energia elettrica su microscala di biomassa residuale mediante pirolisi. Il processo \u00e8 basato sulla pirolisi lenta che si realizza in apposito reattore mediante il riscaldamento indiretto del residuo in assenza di ossigeno fino alla sua liquefazione e successiva gassificazione. Il gas di sintesi che si ottiene \u00e8 un combustibile a medio potere calorifero che viene utilizzato per la produzione di energia elettrica. L&#8217;impianto proposto realizza, inoltre, un recupero termico che permette un rendimento globale di conversione elettrica superiore al 18%, vale a dire dello stesso ordine di grandezza dei macroimpianti di termovalorizzazione a griglia.<\/p>\n<p>L&#8217;impianto solare termico per la produzione di elettricit\u00e0<\/p>\n<p>Ammontano a circa 320.000 euro le risorse necessarie alla realizzazione dell&#8217;impianto solare termico per la produzione di energia elettrica proposto dalla Societ\u00e0 &#8220;Eneco&#8221; di Terni. L&#8217;impianto \u00e8 costituito principalmente da sistema di captazione solare mediante concentratori parabolici ad inseguimento con una superficie di 6 m2 e con una capacit\u00e0 di concentrazione di 200 volte, in grado di produrre temperature di 600-800 C\u00b0. Il calore, raccolto in un circuito primario ad olio diatermico, viene utilizzato per ottenere vapore a 180 C\u00b0 e a 3-4 bar. Ci\u00f2 consente di azionare un motore a stantuffi al quale \u00e8 accoppiato l&#8217;alternatore che provvede alla produzione dell&#8217;energia elettrica. L&#8217;impianto dimostrativo ammesso a finanziamento dalla Regione Umbria avr\u00e0 una potenza di 6 kWp, ma la taglia di questi sistemi, adattabili alle diverse realt\u00e0 locali, pu\u00f2 essere compresa fra i 3 ed i 500 kW elettrici.<\/p>\n<p>L&#8217;idea ispiratrice del progetto \u00e8 quella di realizzare piccole centrali di autoproduzione di energia solare di dimensioni variabili (in termini di superficie occupata da un minimo di 800\/1000 m2) attraverso un sistema modulare che ne consenta l&#8217;installazione nelle coperture degli edifici industriali. Secondo la societ\u00e0 realizzatrice il costo di tali sistemi, una volta raggiunta la fase di industrializzazione, potrebbe variare fra 1.500 e 3.000 euro per kWp elettrico installato.<\/p>\n<p>Per informazioni: Assessorato Energia Regione Umbria www.regione.umbria.it<\/p>\n<p><strong>BANDI NELLA REGIONE LAZIO PER ABITAZIONI AD EMISSIONI ZERO E PER LA DIFFUSIONE DELLE RINNOVABILI IN AREE DEPRESSE<\/strong><\/p>\n<p>Bando per l&#8217;edilizia a &#8220;zero emissioni&#8221;<\/p>\n<p>La Regione Lazio ha indetto un programma di incentivazione rivolto a soggetti pubblici e privati per la realizzazione di &#8220;Edifici a zero emissioni&#8221;. Il testo del bando, redatto dalla societ\u00e0 Biovillaggio, \u00e8 stato approvato dalla Giunta e la pubblicazione sul Bollettino Regionale \u00e8 prevista per novembre. I progetti dovranno riguardare la realizzazione di abitazioni che non emettano emissione nocive o che siano comunque prossime allo zero. In questo senso, le costruzioni dovranno essere prive di impianto di riscaldamento, di condizionamento e di produzione di acqua calda (\u00e8 ammesso solo un piccolo scalda-acqua della capacit\u00e0 massima di 10 litri per le emergenze) alimentati da sistemi che emettano gas di scarico. Sono ammesse solo emissioni legate alla cottura dei cibi.<\/p>\n<p>Lo stanziamento complessivo \u00e8 di 500.000 euro, a valere sulle risorse economiche di edilizia agevolata. Il contributo ammonter\u00e0 a 400 euro per metro quadrato di superficie dell&#8217;abitazione, che non dovr\u00e0 superare i 95 m2, per una cubatura complessiva compresa tra i 300 e 1000 m3. I fondi saranno erogati in due fasi: un acconto del 50% a compimento delle strutture portanti e il restante 50% a lavori ultimati. Possono presentare richiesta di contributo i soggetti pubblici e privati che siano titolari di una concessione edilizia o di un diritto di superficie. Il progetto dovr\u00e0 essere idoneo per la richiesta di concessione edilizia ed essere corredato dai calcoli termici esecutivi necessari alla dimostrazione delle quantit\u00e0 di emissioni e del giusto microclima interno alla residenza.<br \/>\nLe domande vanno presentate entro il 30 aprile 2003 all&#8217;Assessorato all&#8217;Urbanistica e Casa (via del Caravaggio 99 &#8211; 00147 Roma).<br \/>\nPer informazioni: Regione Lazio &#8211; www.regione.lazio.it<br \/>\nBiovillaggio srl &#8211; www.biovillaggio.com<\/p>\n<p>Incentivi alle rinnovabili per le aree &#8220;Obiettivo 2&#8221; del Lazio<\/p>\n<p>Con la D.G.R. n. 1289 del 27\/9\/02 la Regione Lazio ha approvato l&#8217;avviso pubblico relativo alla misura I.3 &#8220;Produzione di Fonti Energetiche Rinnovabili&#8221; del Docup Obiettivo 2 2000\/2006. Il Docup (Documento Unico di Programmazione) \u00e8 un programma strategico per lo sviluppo economico e dell&#8217;occupazione che concentra i propri investimenti in aree, selezionate nelle cinque province del Lazio, che presentano difficolt\u00e0 strutturali di crescita.<\/p>\n<p>I settori di sviluppo privilegiati sono l&#8217;innovazione tecnologica, gli aiuti alle piccole e medie imprese, la valorizzazione ambientale ed il potenziamento delle infrastrutture. Complessivamente il Lazio pu\u00f2 contare su 918 milioni di euro di investimenti. Il Docup prevede che nel settore delle rinnovabili le proposte progettuali siano acquisite mediante una procedura di evidenza pubblica e che gli interventi siano realizzati sulla base di specifici Accordi Volontari Territoriali, come previsto dal Piano Energetico Regionale.<\/p>\n<p>Le tipologie di intervento individuate riguardano la produzione energetica da fonti rinnovabili (fotovoltaico e solare termico, eolico, centrali idroelettriche di piccola potenza &#8211; inferiori a 10 MW- biomassa), l&#8217;uso razionale dell&#8217;energia, il risparmio e l&#8217;efficienza energetica. Le risorse pubbliche disponibili ammontano a 4.365.000 euro e il quadro degli interventi \u00e8 articolato in:<\/p>\n<ul>\n<li>&#8220;Fonti alternative per la montagna&#8221;, con particolare riferimento al loro utilizzo presso le sedi e le strutture degli Enti Locali in territori montani;<\/li>\n<li>&#8220;Fonti alternative nei territori litoranei&#8221;, coerentemente con gli obiettivi di valorizzazione del litorale laziale;<\/li>\n<li>&#8220;Progetti integrati di valenza regionale e locale&#8221;, riguardanti il risparmio energetico e l&#8217;utilizzo di fonti rinnovabili.<\/li>\n<\/ul>\n<p>Le domanda di partecipazione ed i progetti potranno essere presentati presso la Regione Lazio entro e non oltre il 20\/12\/02 (ore 12.00) e dovranno essere indirizzati a: Regione Lazio Assessorato Ambiente &#8211; Direzione regionale Ambiente e Protezione Civile (via R. R. Garibaldi, 7 &#8211; 00145 Roma).<\/p>\n<p>Per informazioni: I documenti sono disponibili sul sito della Regione Lazio e dell&#8217;Agenzia Sviluppo Lazio spa &#8211; www.regione.lazio.it<br \/>\nwww.agenziasviluppolazio.it<br \/>\nNumero verde &#8220;InformaDocup&#8221;: 800 264 525<\/p>\n<h4>NEWS<\/h4>\n<p><strong>A GIANNI SILVESTRINI ASSEGNATO IL PREMIO SPECIALE DELLA CONFERENZA &#8220;PV IN EUROPE&#8221;<\/strong><\/p>\n<p>Il comitato esecutivo organizzatore del Convegno Internazionale &#8220;Il Fotovoltaico in Europa&#8221; ha conferito il riconoscimento &#8220;Special PV In Europe Conference Award&#8221; a Gianni Silvestrini per la sua attivit\u00e0 pioneristica ed il suo impegno nel settore della sostenibilit\u00e0 energetica. Come sottolineato dai promotori di questo riconoscimento, affinch\u00e9 un programma come quello della diffusione dell&#8217;energia FV abbia successo occorre l&#8217;impegno delle imprese, delle istituzioni, dei cittadini e soprattutto l&#8217;impegno delle persone che credono realmente in un nuovo modello energetico, che privilegi l&#8217;impiego delle rinnovabili rispetto all&#8217;energia derivante dall&#8217;uso dei combustibili fossili e del nucleare.<\/p>\n<p>L&#8217;Ing. Gianni Silvestrini vanta un curriculum di primo piano all&#8217;insegna dell&#8217;impegno ambientale e della ricerca in campo energetico: a partire dal 1988 ha svolto la propria attivit\u00e0 nella elaborazione di strategie energetiche sostenibili per conto di Enti locali, dell&#8217;Enea, del Ministero dell&#8217;Ambiente e della CEE. Silvestrini, inoltre, \u00e8 stato tra i fondatori del Comitato Nazionale per il controllo delle scelte energetiche, presidente del Comitato Scientifico e responsabile del settore energia di Legambiente, socio fondatore e successivamente membro del consiglio direttivo dell&#8217;Istituto di Ricerche Ambiente Italia. Dal gennaio 1997 all&#8217;agosto 2000 ha fatto parte della Commissione Tecnico Scientifica del Ministero dell&#8217;Ambiente impegnandosi tra l&#8217;altro nella preparazione della Conferenza Nazionale Energia Ambiente e nelle attivit\u00e0 relative alla preparazione e alla successiva attuazione del Protocollo di Kyoto. Dal settembre 2000 all&#8217;agosto 2002 \u00e8 stato Direttore del Servizio Inquinamento Atmosferico e Rischi Industriali del Ministero dell&#8217;Ambiente, avviando e sostenendo numerose iniziative di promozione delle fonti energetiche rinnovabili e dell&#8217;efficienza energetica.<\/p>\n<p><strong>CORSO GRATUITO SU ENERGIA DA BIOMASSE ALL&#8217;ISMA<\/strong><\/p>\n<p>L&#8217;Istituto Sperimentale per la Meccanizzazione Agricola del MiPAF (ISMA) organizza presso la propria sede di Monterotondo (RM) il seminario gratuito su &#8220;Energia da biomasse: prospettive ed opportunit\u00e0 delle filiere agro-energetiche&#8221;. Si tratta di un&#8217;attivit\u00e0 di divulgazione e formazione promossa nell&#8217;ambito del Programma triennale di ricerca agricola, agroambientale ed agroindustriale della Regione Lazio.<\/p>\n<p>Il corso \u00e8 articolato in quattro giornate (26-29 novembre 2002) ed \u00e8 rivolto a liberi professionisti, tecnici e operatori dei settori agricolo, forestale ed energetico; funzionari e tecnici dei servizi agroambientali regionali, delle Agenzie Regionali per lo Sviluppo Agricolo, delle Comunit\u00e0 montane, degli Enti parco; neolaureati e neodiplomati in materie scientifiche. Le docenze, affidate a esperti appartenenti a primarie strutture pubbliche e private deI settore, svilupperanno i seguenti argomenti: colture energetiche e residui agricoli ed agroindustriali; meccanizzazione delle operazioni di raccolta, trasporto e stoccaggio della biomassa; generazione di energia termica in impianti domestici; cogenerazione in impianti di media e grande taglia; aspetti economici e di mercato delle filiere agro-energetiche; problematiche inerenti alla realizzazione di una centrale a biomassa.<\/p>\n<p>Sono previste due visite guidate ad impianti termici alimentati a biomassa. Agli iscritti che frequenteranno almeno il 70% delle ore di lezione sar\u00e0 consegnato un attestato di partecipazione.<\/p>\n<p>Per iscrizioni ed informazioni: Alessandro Rucli (ISMA)<br \/>\ne-mail: ruclial@libero.it\u00a0 &#8211; www.ingegneriaagraria.it<\/p>\n<p><strong>IL PROGETTO DELLA CITT\u00c0 ELIOTERMICA IN SPAGNA<\/strong><\/p>\n<p>Il 21 ottobre a Saragozza (Spagna) si \u00e8 tenuto un seminario per presentare il progetto &#8220;ARAGON 2010: The Helio-Thermal City&#8221;, che punta alla realizzazione di una cittadina al 100% indipendente dal punto di vista energetico, alimentata da fonti rinnovabili e progettata secondo i pi\u00f9 avanzati criteri di sostenibilit\u00e0 ambientale. L&#8217;iniziativa \u00e8 promossa dal Comune di Contamina, in Aragona, in collaborazione con il centro di ricerche privato IBE ed \u00e8 co-finanziata dall&#8217;Unione Europea nell&#8217;ambito del programma Altener. Entro il 2010 la &#8220;citt\u00e0 eliotermica&#8221; sar\u00e0 realizzata in un&#8217;area di oltre 120.000 m2 nei pressi di Contamina.<\/p>\n<p>Si tratta di una delle pi\u00f9 importanti iniziative in Spagna nel campo delle energie rinnovabili, con la quale si intende mostrare le possibilit\u00e0 di utilizzo delle pi\u00f9 avanzate tecnologie solari e la validit\u00e0 di soluzioni energetiche ed architettoniche &#8220;alternative&#8221; in un contesto il pi\u00f9 possibile reale, concreto e soprattutto replicabile. Il progetto, sviluppato da un gruppo di esperti italiani diretti dall&#8217;Ing. Adriano Trimboli, prevede tutti gli edifici e le infrastrutture proprie di una citt\u00e0 europea: un&#8217;area residenziale con oltre 50 edifici e una piazza, un&#8217;area turistica con due hotel, il centro commerciale e quello culturale, una scuola dove si terranno corsi professionali sulle tecnologie solari e rinnovabili, servizi sanitari, un&#8217;area industriale, una fattoria biologica. Nella &#8220;progettazione urbana ecologica&#8221; la natura \u00e8 totalmente inserita nell&#8217;ambiente costruito e l&#8217;utilizzo di energia pulita permette una coesistenza tra aree residenziali e produttive. Il risultato \u00e8 una nuova organizzazione delle attivit\u00e0 socio-economiche urbane, un miglioramento della qualit\u00e0 della vita dei cittadini ed una maggiore sostenibilit\u00e0 ambientale.<\/p>\n<p>Tutti gli edifici sono progettati secondo strategie bioclimatiche per l&#8217;abbattimento dei consumi ed integrano tecnologie solari termiche e fotovoltaiche per la produzione dell&#8217;elettricit\u00e0 e del calore necessari al fabbisogno energetico interno. La citt\u00e0 dispone inoltre di un sistema ibrido fotovoltaico-idraulico per la produzione di elettricit\u00e0 e di una &#8220;galleria solare&#8221; lunga oltre 600 metri la cui copertura \u00e8 realizzata con pannelli solari termofotovoltaici in grado di produrre annualmente 246.000 kWh elettrici e oltre 1.100.000 kWh termici. E&#8217; inoltre previsto lo sfruttamento della risorsa geotermica locale.<\/p>\n<p>Per informazioni: ARAGON 2010: The Helio-Thermal City www.innova-eu.net\/aragon2010\/<\/p>\n<p><strong>LA NUOVA SEDE &#8220;SOLARE&#8221; DI LEGAMBIENTE A MILANO<\/strong><\/p>\n<p>Il 15 ottobre Legambiente ha inaugurato con una conferenza stampa il pi\u00f9 grande impianto solare termico di Milano. Si tratta di 20 metri quadri circa di pannelli solari termici per il riscaldamento degli ambienti e dell&#8217;acqua sanitaria per la nuova sede regionale dell&#8217;associazione ambientalista, progettata secondo principi bioclimatici dall&#8217;architetto Paolo Artoni in un ex laboratorio artigianale in zona Turro. Insieme ai pannelli \u00e8 attiva una caldaia a condensazione, che grazie ad un sistema di recupero del calore dai fumi di scarico, garantisce il massimo della resa energetica. Pannelli e caldaia a condensazione, insieme con le altre soluzioni per l&#8217;ottimizzazione termica dello spazio, garantiranno un risparmio sulla bolletta fino al 60%. &#8220;Abbiamo deciso di installare questi impianti &#8211; afferma Andrea Poggio, presidente di Legambiente Lombardia &#8211; per ottenere risparmi energetici ed economici, ma anche per dare un segnale alla cittadinanza&#8221;; Poggio ha aggiunto che &#8220;pi\u00f9 ancora che incentivi e finanziamenti, per aiutare il solare servono coerenti campagne informative, regolamenti edilizi moderni, agevolazioni bancarie, promozione della ricerca e dell&#8217;innovazione.&#8221;<\/p>\n<p>Oltre all&#8217;impianto solare, Paolo Artoni ha presentato le altre soluzioni termiche ed energetiche messe in funzione nella nuova sede di Legambiente: 430 luminosissimi metri quadrati di spazio, esposto a est e a sud, con 120 metri quadrati di vetrate a doppi vetri e a tenuta termica che fanno entrare il calore riducendo allo stesso tempo la fuga termica verso l&#8217;esterno. L&#8217;acqua calda generata dai pannelli viene convogliata in 3.800 metri di tubazioni, inserite in un pavimento radiante, che rispetto ai classici termosifoni a convenzione garantisce un miglior rendimento termico. L&#8217;insieme di queste due soluzioni contribuisce in misura del 25% circa al risparmio totale, mentre la parte maggiore del risparmio rimane quella dovuta al solare (50% circa) e alla caldaia a condensazione (circa 25%). Data la grande esposizione alla luce, il fabbisogno di illuminazione \u00e8 minimizzato ed attenuato comunque con lampade a basso consumo. In via sperimentale \u00e8 stato attivato un periscopio solare Solatube di 11 m di lunghezza e con un diametro di 35 cm, che preleva dall&#8217;esterno la luce solare per amplificarla e convogliarla nell&#8217;ambiente chiuso con un intensit\u00e0 corrispondente a una lampadina da 60-80 Watt.<\/p>\n<p>Fonte: comunicato stampa Legambiente<\/p>\n<p><strong>RETE TEMATICA SULL&#8217;ENERGIA DEGLI OCEANI<\/strong><\/p>\n<p>Il 29 ottobre si \u00e8 svolta a Brighton (UK) una conferenza sul futuro di ricerca e sviluppo nel settore dell&#8217;energia degli oceani, organizzata da una rete tematica finanziata dall&#8217;UE. La rete Wave Net comprende 14 organizzazioni europee impegnate in un progetto di studio triennale sull&#8217;energia delle onde e delle maree avviato nel 2000. I risultati, presentati in occasione della conferenza, costituiscono una panoramica completa sull&#8217;energia oceanica.<\/p>\n<p>Per informazioni: Wave Net\u00a0 &#8211; www.wave-energy.net<\/p>\n<p><strong>COLLETTORI SOLARI AD ARIA: COME FUNZIONANO, I RISPARMI, LE APPLICAZIONI<\/strong><\/p>\n<p>Tra le soluzioni pi\u00f9 interessanti e a basso costo per ottenere il preriscaldamento dell&#8217;aria esterna destinata alla ventilazione e al riscaldamento degli ambienti possiamo annoverare i collettori solari &#8220;Solarwall&#8221;, di brevetto canadese. Questo tipo di collettore solare (vedi disegno) si configura come una controparete verticale, in lamiera di alluminio grecata e microforata, che crea una intercapedine stagna davanti alle facciate, esposte prevalentemente a sud, dei fabbricati (esposizione ottimale: Sud \u00b1 20\u00b0, anche esposizioni verso Est e Ovest possono essere prese in considerazione).<\/p>\n<figure id=\"attachment_467\" aria-describedby=\"caption-attachment-467\" style=\"width: 500px\" class=\"wp-caption aligncenter\"><img loading=\"lazy\" class=\"size-full wp-image-467\" src=\"http:\/\/webfabbrica.com\/360archive\/wp-content\/uploads\/2002\/10\/COL_ARIA.jpg\" alt=\"Schema del collettore solare ad aria Solarwall\" width=\"500\" height=\"405\" srcset=\"http:\/\/gses.it\/360archive\/wp-content\/uploads\/2002\/10\/COL_ARIA.jpg 500w, http:\/\/gses.it\/360archive\/wp-content\/uploads\/2002\/10\/COL_ARIA-300x243.jpg 300w\" sizes=\"(max-width: 500px) 100vw, 500px\" \/><figcaption id=\"caption-attachment-467\" class=\"wp-caption-text\">Schema del collettore solare ad aria Solarwall<\/figcaption><\/figure>\n<p>Il collettore capta l&#8217;energia solare, quando disponibile, e la trasmette all&#8217;aria nell&#8217;intercapedine tra il collettore e il muro esterno del fabbricato, solo attraverso i fori che sono stati adeguatamente previsti nel numero e nella disposizione, unitamente alla metratura complessiva del collettore. L&#8217;aria preriscaldata dal sole viene convogliata in un canale orizzontale (canopy) alla sommit\u00e0 della parete solare ed aspirata da un ventilatore che la immette negli ambienti interni. Una serranda di by-pass con termostato permette di regolare il funzionamento del ventilatore. Nelle stagioni intermedie un sistema di questo tipo pu\u00f2 garantire il 100% del riscaldamento degli ambienti. La quantit\u00e0 di calore che i collettori ad aria sono in grado di trasmettere all&#8217;aria esterna dipende dalla portata d&#8217;aria che li attraversa e dall&#8217;irraggiamento solare (vedi tabella).<\/p>\n<p align=\"center\"><small><strong>PRODUZIONE DI CALORE CON COLLETTORI AD ARIA<\/strong><\/small><\/p>\n<div align=\"center\">\n<p>&nbsp;<\/p>\n<table>\n<tbody>\n<tr>\n<td rowspan=\"3\" width=\"34%\">\n<p align=\"center\"><strong>Portata d&#8217;aria prelevata dal Solarwall<\/strong><\/p>\n<\/td>\n<td colspan=\"3\" width=\"66%\">\n<p align=\"center\"><strong>Salto termico dell&#8217;aria esterna<\/strong><\/p>\n<\/td>\n<\/tr>\n<tr>\n<td colspan=\"3\" width=\"66%\">\n<p align=\"center\"><strong>Radiazione solare<\/strong><\/p>\n<\/td>\n<\/tr>\n<tr>\n<td align=\"center\" width=\"23%\">200\/W\/m2<\/td>\n<td align=\"center\" width=\"20%\">400\/W\/m2<\/td>\n<td align=\"center\" width=\"23%\">700\/W\/m2<\/td>\n<\/tr>\n<tr>\n<td align=\"center\" width=\"34%\">126 m3\/h\/m2<\/td>\n<td align=\"center\" width=\"23%\">circa 4 \u00b0C<\/td>\n<td align=\"center\" width=\"20%\">circa 7 \u00b0C<\/td>\n<td align=\"center\" width=\"23%\">circa 12 \u00b0C<\/td>\n<\/tr>\n<tr>\n<td align=\"center\" width=\"34%\">97 m3\/h\/m2<\/td>\n<td align=\"center\" width=\"23%\">circa 5 \u00b0C<\/td>\n<td align=\"center\" width=\"20%\">circa 8 \u00b0C<\/td>\n<td align=\"center\" width=\"23%\">circa 14 \u00b0C<\/td>\n<\/tr>\n<tr>\n<td align=\"center\" width=\"34%\">72 m3\/h\/m2<\/td>\n<td align=\"center\" width=\"23%\">circa 6 \u00b0C<\/td>\n<td align=\"center\" width=\"20%\">circa 10 \u00b0C<\/td>\n<td align=\"center\" width=\"23%\">circa 17 \u00b0C<\/td>\n<\/tr>\n<tr>\n<td align=\"center\" width=\"34%\">36 m3\/h\/m2<\/td>\n<td align=\"center\" width=\"23%\">circa 8 \u00b0C<\/td>\n<td align=\"center\" width=\"20%\">circa 14 \u00b0C<\/td>\n<td align=\"center\" width=\"23%\">circa 24 \u00b0C<\/td>\n<\/tr>\n<tr>\n<td align=\"center\" width=\"34%\">18 m3\/h\/m2<\/td>\n<td align=\"center\" width=\"23%\">circa 10 \u00b0C<\/td>\n<td align=\"center\" width=\"20%\">circa 18 \u00b0C<\/td>\n<td align=\"center\" width=\"23%\">circa 30 \u00b0C<\/td>\n<\/tr>\n<\/tbody>\n<\/table>\n<p>&nbsp;<\/p>\n<\/div>\n<p>Al risparmio di energia e alla conseguente diminuzione dell&#8217;impatto ambientale, si aggiungono la semplicit\u00e0, l&#8217;assenza pressoch\u00e9 totale di manutenzione ed un costo di investimento contenuto, che permette tempi di ritorno brevi (in genere previsti in 2-3 anni). Impianti integrati con il FV in palestre della Provincia di Milano La Provincia di Milano, nell&#8217;ambito di un proprio programma di manutenzione ed adeguamento degli impianti tecnici dei fabbricati di propriet\u00e0, ha varato alcuni interventi che prevedono l&#8217;utilizzo di fonti energetiche rinnovabili. L&#8217;installazione di 3 impianti &#8220;Solarwall&#8221; su altrettante palestre, tutte situate negli immediati dintorni di Milano, risponde al duplice obiettivo di rispettare gli standard di comfort e salubrit\u00e0 previsti per questi ambienti e di ridurre i consumi, diminuendo conseguentemente l&#8217;impatto ambientale. Il progetto prevede impianti con funzionamento a bassa portata d&#8217;aria ed alta temperatura, in quanto i requisiti di ventilazione delle palestre di tipo scolastico non richiedono una grande quantit\u00e0 di aria esterna di rinnovo. In due delle tre palestre sono stati montati moduli fotovoltaici sulla superficie del &#8220;Solarwall&#8221; (Sistema integrato &#8220;PV-Solarwall&#8221;). Poich\u00e9 i moduli FV producono molta energia sotto forma di calore, il sistema dei collettori ad aria rimuove questo calore, utilizzandolo per riscaldare l&#8217;aria di ventilazione degli ambienti e, allo stesso tempo, raffreddando uniformemente le celle FV ed aumentandone l&#8217;efficienza.<\/p>\n<p><em><strong>Impianto per la palestra del Centro scolastico di Cernusco sul Naviglio (MI)<\/strong><\/em><\/p>\n<p align=\"center\">Nella tabella i dati di progetto:<\/p>\n<div align=\"center\">\n<p>&nbsp;<\/p>\n<table>\n<tbody>\n<tr>\n<td width=\"67%\">Volume<\/td>\n<td width=\"33%\">5.783 m3<\/td>\n<\/tr>\n<tr>\n<td width=\"67%\">Superficie coperta<\/td>\n<td width=\"33%\">723 m2<\/td>\n<\/tr>\n<tr>\n<td width=\"67%\">Consumo annuo di energia<\/td>\n<td width=\"33%\">600.000 MJ\/anno<\/td>\n<\/tr>\n<tr>\n<td width=\"67%\">Altezza dell&#8217;ambiente da riscaldare<\/td>\n<td width=\"33%\">8 m<\/td>\n<\/tr>\n<tr>\n<td width=\"67%\">Superficie collettore solare Solarwall<\/td>\n<td width=\"33%\">190 m2<\/td>\n<\/tr>\n<tr>\n<td width=\"67%\">Esposizione<\/td>\n<td width=\"33%\">Sud<\/td>\n<\/tr>\n<tr>\n<td width=\"67%\">Inclinazione<\/td>\n<td width=\"33%\">Verticale<\/td>\n<\/tr>\n<tr>\n<td width=\"67%\">Portata d&#8217;aria Solarwall<\/td>\n<td width=\"33%\">8.200 m3\/h<\/td>\n<\/tr>\n<tr>\n<td width=\"67%\">Temperatura ambiente<\/td>\n<td width=\"33%\">20 \u00b0C<\/td>\n<\/tr>\n<tr>\n<td width=\"67%\">Stagione di riscaldamento<\/td>\n<td width=\"33%\">6 mesi\/anno<\/td>\n<\/tr>\n<tr>\n<td width=\"67%\">Funzionamento settimanale<\/td>\n<td width=\"33%\">6 giorni<\/td>\n<\/tr>\n<tr>\n<td width=\"67%\">Funzionamento giornaliero<\/td>\n<td width=\"33%\">10 ore<\/td>\n<\/tr>\n<tr>\n<td width=\"67%\">Efficienza dell&#8217;impianto esistente<\/td>\n<td width=\"33%\">70%<\/td>\n<\/tr>\n<tr>\n<td width=\"67%\">Costo dell&#8217;energia risparmiata (gasolio)<\/td>\n<td width=\"33%\">129 L\/kWh<\/td>\n<\/tr>\n<\/tbody>\n<\/table>\n<p>&nbsp;<\/p>\n<\/div>\n<p>In questa palestra \u00e8 stato installato un impianto con funzionamento ad alta temperatura e bassa portata (43,2 m\u00b3\/h\/ m\u00b2), con l&#8217;integrazione di 25 m\u00b2 di moduli fotovoltaici per una potenza di 3,08 kWp.<\/p>\n<p>Alcuni risultati energetici, economici, ambientali:<\/p>\n<ul>\n<li>incremento temperatura \u00e8 circa 13 \u00b0C<\/li>\n<li>energia solare prelevata: 77,34 GJ\/anno<\/li>\n<li>% consumo energetico annuale fornito da collettori: 48%<\/li>\n<li>energia totale netta risparmiata: 79.389 kWh\/anno<\/li>\n<li>risparmio economico: 14,6 ML\/anno<\/li>\n<li>costo investimento relativo al collettore solare: 45,6 ML<\/li>\n<li>riduzione stimata di CO2: 20 ton\/anno<\/li>\n<\/ul>\n<p>Per informazioni: Dr. Rolando Malaguti (Solarwall ITALIA)<br \/>\ne-mail: solarwall.italia@tin.it<\/p>\n<h4>DAL MINISTERO DELL&#8217;AMBIENTE<\/h4>\n<p>Nell&#8217;ambito di una Convenzione tra il Ministero dell&#8217;Ambiente e della Tutela del Territorio (Servizio IAR &#8211; Inquinamento Atmosferico e Rischi Industriali) e ISES ITALIA, questa rubrica de &#8220;Ilsoleatrecentosessantagradi&#8221; \u00e8 dedicata alle informazioni sui programmi e le iniziative per le fonti energetiche rinnovabili del Ministero dell&#8217;Ambiente. La pagina \u00e8 redatta in collaborazione tra il Ministero dell&#8217;Ambiente (Servizio IAR) ed ISES ITALIA.<\/p>\n<p><strong>NUOVE RISORSE PER IL SOLARE TERMICO ED EDUCAZIONE AL SOLARE NELLE SCUOLE<\/strong><\/p>\n<p>Definita la ripartizione delle risorse regionali per il Programma nazionale &#8220;Solare termico&#8221;. Inoltre, una speciale iniziativa sul solare termico nel carcere di Rebibbia a Roma. Conclusi gli stage per i docenti nell&#8217;ambito del progetto &#8220;Il Sole a Scuola&#8221;.<br \/>\nin collaborazione con il Ministero dell\u2019Ambiente e della Tutela del Territorio \u2013 Servizio IAR<\/p>\n<p><strong>RIPARTIZIONE DELLE RISORSE PER IL PROGRAMMA SOLARE TERMICO &#8211; BANDI REGIONALI<\/strong><\/p>\n<p>Con il decreto del Servizio Inquinamento Atmosferico pubblicato sulla G. U. n. 29 del 30 settembre 2002 sono stati ripartiti i finanziamenti tra le Regioni e le Province autonome che hanno aderito al programma &#8220;Solare termico &#8211; Bandi regionali&#8221;, in modo da avviare la realizzazione di impianti solari termici per la produzione di acqua calda sanitaria attraverso incentivi in conto capitale nella misura massima del 30%. Una prima quota pari al 50% delle risorse disponibili verr\u00e0 trasferita alle Regioni a seguito della pubblicazione dei relativi Bandi nei bollettini ufficiali regionali, mentre il saldo verr\u00e0 assegnato, da parte del MATT, all&#8217;approvazione della documentazione relativa alla rendicontazione della spesa finale.<\/p>\n<p>Il Ministero ha stanziato 8.263.310,39 euro, ripartiti tra le Regioni in base al numero degli abitanti (vedi tabella). Le Regioni co-finanzieranno al 50% il programma, che quindi disporr\u00e0 di risorse pubbliche complessive per oltre 16.500.000 euro.<\/p>\n<p><em><strong>Risorse assegnate dal MATT<\/strong><\/em><\/p>\n<table>\n<tbody>\n<tr>\n<td align=\"center\" valign=\"TOP\" width=\"156\">\n<p align=\"center\"><strong>Regioni\/Provincie Autonome<\/strong><\/p>\n<\/td>\n<td align=\"center\" valign=\"TOP\" width=\"145\">\n<p align=\"center\"><strong>Ripartizione delle Risorse (euro)<\/strong><\/p>\n<\/td>\n<\/tr>\n<tr>\n<td valign=\"TOP\" width=\"156\">Piemonte<\/td>\n<td valign=\"TOP\" width=\"145\">\n<p align=\"RIGHT\">755.658,20<\/p>\n<\/td>\n<\/tr>\n<tr>\n<td valign=\"TOP\" width=\"156\">Valle d\u2019Aosta<\/td>\n<td valign=\"TOP\" width=\"145\">\n<p align=\"RIGHT\">20.362,16<\/p>\n<\/td>\n<\/tr>\n<tr>\n<td valign=\"TOP\" width=\"156\">Lombardia<\/td>\n<td valign=\"TOP\" width=\"145\">\n<p align=\"RIGHT\">&#8211;<\/p>\n<\/td>\n<\/tr>\n<tr>\n<td valign=\"TOP\" width=\"156\">Sardegna<\/td>\n<td valign=\"TOP\" width=\"145\">\n<p align=\"RIGHT\">289.481,30<\/p>\n<\/td>\n<\/tr>\n<tr>\n<td valign=\"TOP\" width=\"156\">Prov. Aut. Di Bolzano<\/td>\n<td valign=\"TOP\" width=\"145\">\n<p align=\"RIGHT\">77.366,29<\/p>\n<\/td>\n<\/tr>\n<tr>\n<td valign=\"TOP\" width=\"156\">Prov. Aut. Di Trento<\/td>\n<td valign=\"TOP\" width=\"145\">\n<p align=\"RIGHT\">79.007,37<\/p>\n<\/td>\n<\/tr>\n<tr>\n<td valign=\"TOP\" width=\"156\">Veneto<\/td>\n<td valign=\"TOP\" width=\"145\">\n<p align=\"RIGHT\">769.398,06<\/p>\n<\/td>\n<\/tr>\n<tr>\n<td valign=\"TOP\" width=\"156\">Friuli Venezia Giulia<\/td>\n<td valign=\"TOP\" width=\"145\">\n<p align=\"RIGHT\">210.345,72<\/p>\n<\/td>\n<\/tr>\n<tr>\n<td valign=\"TOP\" width=\"156\">Liguria<\/td>\n<td valign=\"TOP\" width=\"145\">\n<p align=\"RIGHT\">294.404,90<\/p>\n<\/td>\n<\/tr>\n<tr>\n<td valign=\"TOP\" width=\"156\">Emilia Romagna<\/td>\n<td valign=\"TOP\" width=\"145\">\n<p align=\"RIGHT\">533.417,88<\/p>\n<\/td>\n<\/tr>\n<tr>\n<td valign=\"TOP\" width=\"156\">Toscana<\/td>\n<td valign=\"TOP\" width=\"145\">\n<p align=\"RIGHT\">619.963,36<\/p>\n<\/td>\n<\/tr>\n<tr>\n<td valign=\"TOP\" width=\"156\">Umbria<\/td>\n<td valign=\"TOP\" width=\"145\">\n<p align=\"RIGHT\">142.581,63<\/p>\n<\/td>\n<\/tr>\n<tr>\n<td valign=\"TOP\" width=\"156\">Marche<\/td>\n<td valign=\"TOP\" width=\"145\">\n<p align=\"RIGHT\">251.010,85<\/p>\n<\/td>\n<\/tr>\n<tr>\n<td valign=\"TOP\" width=\"156\">Lazio<\/td>\n<td valign=\"TOP\" width=\"145\">\n<p align=\"RIGHT\">902.801,82<\/p>\n<\/td>\n<\/tr>\n<tr>\n<td valign=\"TOP\" width=\"156\">Abruzzo<\/td>\n<td valign=\"TOP\" width=\"145\">\n<p align=\"RIGHT\">219.370,98<\/p>\n<\/td>\n<\/tr>\n<tr>\n<td valign=\"TOP\" width=\"156\">Molise<\/td>\n<td valign=\"TOP\" width=\"145\">\n<p align=\"RIGHT\">58.110,87<\/p>\n<\/td>\n<\/tr>\n<tr>\n<td valign=\"TOP\" width=\"156\">Campania<\/td>\n<td valign=\"TOP\" width=\"145\">\n<p align=\"RIGHT\">988.844,39<\/p>\n<\/td>\n<\/tr>\n<tr>\n<td valign=\"TOP\" width=\"156\">Puglia<\/td>\n<td valign=\"TOP\" width=\"145\">\n<p align=\"RIGHT\">708.118,75<\/p>\n<\/td>\n<\/tr>\n<tr>\n<td valign=\"TOP\" width=\"156\">Basilicata<\/td>\n<td valign=\"TOP\" width=\"145\">\n<p align=\"RIGHT\">107.226,85<\/p>\n<\/td>\n<\/tr>\n<tr>\n<td valign=\"TOP\" width=\"156\">Calabria<\/td>\n<td valign=\"TOP\" width=\"145\">\n<p align=\"RIGHT\">363.589,13<\/p>\n<\/td>\n<\/tr>\n<tr>\n<td valign=\"TOP\" width=\"156\">Sicilia<\/td>\n<td valign=\"TOP\" width=\"145\">\n<p align=\"RIGHT\">872.244,88<\/p>\n<\/td>\n<\/tr>\n<tr>\n<td valign=\"TOP\" width=\"156\">TOTALE<\/td>\n<td valign=\"TOP\" width=\"145\">\n<p align=\"RIGHT\">8.263.310,39<\/p>\n<\/td>\n<\/tr>\n<\/tbody>\n<\/table>\n<p><strong>LA &#8220;SOLARIZZAZIONE&#8221; DEL CARCERE DI REBIBBIA A ROMA<\/strong><\/p>\n<p>Il 1\u00b0 ottobre all&#8217;interno del complesso penitenziario romano di Rebibbia si \u00e8 svolta una conferenza per presentare il progetto &#8220;Il Sole in Carcere&#8221; avviato nell&#8217;ambito del programma nazionale di solarizzazione delle carceri italiane. Per questo programma la firma congiunta dell&#8217;accordo quadro tra MATT e Ministero della Giustizia ha reso disponibili circa 2.600.000 euro a supporto dell&#8217;installazione, entro il 2005, di 5.000 m2 di collettori solari termici.<\/p>\n<p>Nel carcere di Rebibbia si \u00e8 concluso un corso di formazione professionale di 120 ore per la qualifica di &#8220;Installatore manutentore di impianti solari termici&#8221; al quale hanno partecipato 36 detenuti. Il corso teorico pratico prevedeva l&#8217;autocostruzione di collettori ad accumulo integrato per un totale di 108 m2 e l&#8217;installazione di un impianto a circolazione forzata da 266 m2 realizzato con collettori Chromagen messi a disposizione dalla ditta romana STAES aggiudicatrice della specifica gara d&#8217;appalto. I collettori autocostruiti sono stati installati sul braccio G12, l&#8217;impianto a circolazione presso il braccio G11. Quando verranno conclusi i lavori del G12 a Rebibbia risulter\u00e0 installata una superficie di collettori solari di oltre 500 m2 che andr\u00e0 a rappresentare il pi\u00f9 grande impianto solare termico d&#8217;Italia. I detenuti, seguiti dai docenti del CIRPS e della cooperativa TERRE, hanno partecipato a tutte le fasi dell&#8217;installazione degli impianti. Si calcola che il costo dell&#8217;impianto, di circa 100.000 euro, sar\u00e0 ammortizzato nell&#8217;arco di 5 anni grazie ad un risparmio di energia da fonti tradizionali stimato in circa 20.000 euro\/anno.<\/p>\n<p>La &#8220;solarizzazione&#8221; del carcere di Rebibbia pu\u00f2 essere ricondotta al tema pi\u00f9 vasto della sostenibilit\u00e0 delle carceri ed in particolare ai problemi legati all&#8217;esclusione sociale di detenuti e personale carcerario. A questo riguardo \u00e8 stata presentata una proposta di ricerca multidisciplinare del Dipartimento di Fisica Tecnica del Politecnico di Bari sulle esigenze minime inderogabili di qualit\u00e0 ambientale degli edifici carcerari che si colloca nelle azioni integrate previste nel VI\u00b0 Programma Quadro di Ricerca della Comunit\u00e0 Europea. Scopo del progetto \u00e8 fornire un contributo di ricerca empirica allo sviluppo di linee-guida europee che dovrebbero sostenere il processo di riabilitazione ed offrire un ambiente migliore per detenuti, personale e visitatori, applicando criteri psico-sociali, oltre che tecnici, per la conservazione dell&#8217;energia ed il miglioramento delle condizioni microclimatiche delle carceri.<\/p>\n<p><strong>PROGRAMMA EDUCATIVO &#8220;IL SOLE A SCUOLA&#8221;<\/strong><\/p>\n<p>La significativa presenza della tipologia scolastica tra le strutture pubbliche che hanno richiesto finanziamenti nell&#8217;ambito del Programma nazionale &#8220;Tetti Fotovoltaici&#8221; ha suggerito l&#8217;avvio di una attivit\u00e0 di informazione e formazione sulle tematiche energetiche ed ambientali finalizzata proprio agli studenti delle Scuole superiori.<\/p>\n<p>Con il programma &#8220;Il Sole a Scuola&#8221; il Ministero dell&#8217;Ambiente, in collaborazione con l&#8217;ENEA ed il Ministero dell&#8217;Istruzione, dell&#8217;Universit\u00e0 e della Ricerca, intende coinvolgere studenti ed insegnanti in un percorso didattico che abbia l&#8217;obiettivo di promuovere una maggiore consapevolezza energetico-ambientale ed una conoscenza approfondita delle fonti di energia rinnovabili. Sono stati quindi avviati corsi di aggiornamento per mettere a disposizione dei docenti informazioni di natura tecnica relativa alle fonti di energia rinnovabile, con particolare riferimento al fotovoltaico, e, nello stesso tempo, sperimentare moduli di formazione utili per un piano didattico sull&#8217;argomento.<\/p>\n<p>Gli stage per i docenti si sono svolti i primi di ottobre presso l&#8217;Area Sperimentale ENEA di Monte Aquilone, Manfredonia (FG), nella quale sono presenti alcuni impianti FV. Hanno partecipato circa 40 insegnanti delle Scuole superiori che hanno aderito al bando per il Programma Tetti Fotovoltaici. Lo stage \u00e8 stato organizzato in due giornate; la prima \u00e8 stata dedicata alle tematiche energetico-ambientali, alle fonti rinnovabili e alla tecnologia fotovoltaica, alle politiche energetiche e ai programmi di incentivazione nazionali. Nel pomeriggio si \u00e8 svolta la visita agli impianti del centro sperimentale e la dimostrazione del montaggio e del collaudo di un piccolo impianto FV; nella seconda giornata di workshop sulla didattica \u00e8 stato presentato il Comitato di redazione per la produzione e diffusione del documento &#8220;Linee guida per una didattica delle fonti rinnovabili&#8221;. I docenti si sono organizzati in piccoli gruppi di lavoro per elaborare modelli di percorsi formativi su diverse tematiche da inserire nel documento. Per favorire la sviluppo del progetto e lo scambio di esperienze tra i partecipanti \u00e8 stato attivato uno specifico network di collegamento tra le scuole coinvolte.<\/p>\n<p>Ministero dell&#8217;Ambiente e della Tutela del Territorio (SIAR)<\/p>\n<p>Numero verde per informazioni sul Programma &#8220;Tetti Fotovoltaici&#8221;: 800 466 366<\/p>\n<p>Il servizio \u00e8 attivo dal luned\u00ec al venerd\u00ec, dalle ore 9 alle 13 e dalle ore 14 alle 17.<\/p>\n<p>Gli operatori forniscono informazioni sulla tecnologia fotovoltaica e in particolare sugli impianti FV integrati negli edifici e collegati alla rete elettrica; sulle possibilit\u00e0 offerte dai programmi di incentivazione governativi; sulle modalit\u00e0 di accesso ai finanziamenti; aggiornamenti sui bandi regionali del programma Tetti FV.<\/p>\n<h4>FOCUS TECNOLOGIA<\/h4>\n<p><strong>IL FOTOVOLTAICO INTEGRATO IN EDILIZIA: PROGETTAZIONE E POTENZIALIT\u00c0 ESPRESSIVE<\/strong><\/p>\n<p>Le potenzialit\u00e0 progettuali del fotovoltaico integrato in strutture edili. Integrare i moduli FV nelle architetture e trasformarli in componenti edili ha notevolmente ampliato gli orizzonti del FV e quelli dell&#8217;architettura.<\/p>\n<p>a cura di Mauro Spagnolo<\/p>\n<p>La progettazione di un edificio sulla base di criteri energetici di sostenibilit\u00e0 presuppone l&#8217;analisi sia di aspetti propriamente architettonici, come lo studio morfologico e l&#8217;orientamento dell&#8217;edificio, sia di aspetti di ordine tecnologico quali, ad esempio, la definizione delle singole soluzioni destinate al risparmio energetico e l&#8217;uso delle fonti rinnovabili. Il lavoro si svolge facendo riferimento a due ambiti apparentemente disgiunti, ma in realt\u00e0 tra loro strettamente relazionati: il rapporto tra l&#8217;uomo e l&#8217;ambiente interno all&#8217;edificio, e quello tra l&#8217;edificio e l&#8217;ambiente esterno. Secondo tali criteri &#8220;l&#8217;involucro edificio&#8221; non \u00e8 pi\u00f9 inteso come semplice contenitore ma come elemento &#8220;filtro&#8221; tra l&#8217;ambiente esterno e quello interno al quale sono richieste specifiche prestazioni energetiche. E in tal senso l&#8217;utilizzazione di energia tratta da rinnovabili, attraverso sistemi integrati alla struttura edile, rappresenta un momento imprescindibile per conseguire risultati di sostenibilit\u00e0. Tra le diverse tecnologie quella che meglio si presta ad essere strettamente relazionata con una struttura edile \u00e8 il solare fotovoltaico (FV).<\/p>\n<p>La progettazione dell&#8217;integrazione della tecnologia FV rappresenta, a mio avviso, una delle peculiarit\u00e0 pi\u00f9 importanti dell&#8217;edilizia del futuro: l&#8217;edificio si trasforma da contenitore delle attivit\u00e0 legate alla vita produttiva e biologica dell&#8217;uomo, e quindi da involucro che necessita di un rilevante consumo energetico, a strumento di produzione diretta di energia, utilizzabile per le proprie e le altrui necessit\u00e0. Ci\u00f2 rivoluziona, dalla base, la concezione dell&#8217;edificio dotandolo non solo di nuove potenzialit\u00e0 tecnologiche ed ambientali, ma anche di formule espressive ed architettoniche completamente inedite. I progressi della tecnologia gi\u00e0 consentono la realizzazione di moduli FV con caratteristiche tecniche e dimensioni sempre pi\u00f9 vicine a quelle dei componenti edili convenzionali che vanno a sostituire. Anche la struttura di sottofondo del modulo, realizzata in vetro o materiale plastico, acquisisce caratteristiche estetiche e funzionali sempre migliori e compatibili all&#8217;inserimento edile.<\/p>\n<p>Esistono vari livelli di benefici che favoriscono la tendenza alla simbiosi tra FV e edilizia:<\/p>\n<p>la sostituzione del materiale da costruzione con un prodotto FV consente di dedurre il valore del primo dal costo totale dell&#8217;impianto FV;<br \/>\nse realmente l&#8217;impianto \u00e8 parte integrante dell&#8217;edificio, i costi della sua struttura di supporto e del terreno su cui insiste sono gi\u00e0 coperti;<br \/>\nnel caso di tipologie di integrazione legate anche a soluzioni bioclimatiche, come gli elementi di ombreggiamento e le facciate ventilate, un componente costruttivo FV pu\u00f2 anche incidere sulla riduzione dei costi di gestione termica dell&#8217;edificio, ad esempio sul raffrescamento artificiale.<br \/>\nInfine, esiste una componente &#8220;sociale&#8221; che caratterizza questo nuovo modo di produrre energia: le centrali FV convenzionali sono in genere di propriet\u00e0 di enti erogatori che vendono elettricit\u00e0 ai loro clienti. L&#8217;energia prodotta dal generatore FV integrato nella costruzione, invece, \u00e8 di propriet\u00e0 dell&#8217;utente. Ma non sempre l&#8217;inserimento della componente FV trova facile applicazione nei processi progettuali e nella mentalit\u00e0 degli architetti in quanto la progettazione &#8220;solare&#8221; in senso lato \u00e8 spesso immaginata come una limitazione delle potenzialit\u00e0 formali e funzionali dell&#8217;edificio. Il problema non va affrontato cercando di posizionare &#8220;meccanicamente&#8221; il FV sulla costruzione o, ancor peggio, di mascherarlo all&#8217;interno delle strutture dell&#8217;edificio. Occorre piuttosto esaltarne le potenzialit\u00e0 estetiche e tecnologiche, ponendo addirittura la componente energetica alla base del linguaggio progettuale, apportando cos\u00ec interessanti valenze architettoniche da aggiungere a quelle energetiche.<\/p>\n<p>Bisogna &#8220;inventare&#8221; un nuovo linguaggio architettonico di riferimento per l&#8217;integrazione della tecnologia FV negli elementi che appartengono alle nostre citt\u00e0, come gli edifici, le infrastrutture e l&#8217;arredo urbano. Crediamo addirittura possibile, in un futuro relativamente prossimo, che il modulo FV possa divenire, opportunamente integrato, un elemento espressivo e caratterizzante per l&#8217;architettura come, in periodi diversi, lo sono stati l&#8217;acciaio, il cemento, il vetro e l&#8217;alluminio. Il crescente interesse per il FV \u00e8 in buona parte da attribuirsi alle attuali potenzialit\u00e0 di trasformare un modulo in componente edile. Il suo mercato, pur essendo ancora &#8220;di nicchia&#8221;, offre un&#8217;ampia gamma di componenti per l&#8217;edilizia che introducono i moduli FV sia tra i sistemi primari dell&#8217;edificio, come le coperture, le facciate e gli elementi di rivestimento, sia tra i componenti accessori come le fioriere, le pensiline, i padiglioni.<\/p>\n<p>Da queste considerazioni \u00e8 nata l&#8217;esigenza di sviluppare un lavoro di ricerca destinato a fornire i criteri di orientamento ed i parametri di valutazione tra i diversi &#8220;sistemi&#8221; di integrazione. Esso rappresenta una risposta concreta ai vari quesiti non solo tecnici ma anche espressivi relativi alla concezione ed alla progettazione di un impianto FV integrato. Attraverso l&#8217;identificazione delle tipologie di impianto e la valutazione comparata delle loro caratteristiche si forniscono gli strumenti metodologici per operare le scelte progettuali.<\/p>\n<p><strong>LE TIPOLOGIE DI IMPIANTO FV INTEGRATO<\/strong><\/p>\n<p>Il settore applicativo degli impianti FV integrati \u00e8 suddiviso in due grandi famiglie, quella dell&#8217;integrazione negli edifici e quella nelle infrastrutture urbane, divisione resa necessaria dalla diversa destinazione d&#8217;uso delle strutture che accolgono il FV, nonch\u00e9 dalle differenti modalit\u00e0 di installazione, condizioni di esercizio, materiali utilizzati. Complessivamente la schedatura realizzata consta di 34 tipologie di impianti integrati.<\/p>\n<p>Schema con loghi delle diverse tipologie integrative (formato pdf)<\/p>\n<p>Edilizia<\/p>\n<p>Riguardo ai sistemi compatibili con le esigenze tecnico costruttive di un edificio, sono stati individuati 25 distinti ambiti. Alcuni di questi sono legati ad elementi &#8220;primari&#8221; della struttura edilizia, come le coperture, le facciate e gli elementi di rivestimento, altri sono componenti non necessariamente sempre presenti, come i frangisole, i lucernai, le balaustre, le fioriere, le pensiline ed i padiglioni. Sono, in ogni caso, tutte soluzioni particolarmente interessanti dal punto di vista dell&#8217;integrazione e la loro notevole diversificazione rappresenta un importante bagaglio tecnico a disposizione del progettista, un bagaglio capace di fornire soluzioni praticamente infinite per ogni applicazione.<\/p>\n<p>Infrastrutture e arredo urbano<\/p>\n<p>Le integrazioni del FV nelle infrastrutture urbane rappresentano soluzioni applicative in via di particolare sviluppo. Esse infatti consentono un incremento del numero e della qualit\u00e0 dei servizi oggi presenti nelle strade delle nostre citt\u00e0. La domanda di servizi urbani \u00e8 in crescita esponenziale e l&#8217;opportunit\u00e0 di alimentare le utenze di tali servizi con tecnologia FV ha elevato notevolmente le possibilit\u00e0 ed i settori applicativi. Basti pensare alle difficolt\u00e0 ed ai costi di alimentazione, anche in ambiente urbano, delle utenze sparse destinate a impianti di rilevamento e di trasmissione dati, impianti per la segnalazione, la comunicazione e tanti altri.<\/p>\n<p>Complessivamente la schedatura consta di 9 tipologie di impianto FV associato a strutture urbane che corrispondono ai principali ambiti di servizi urbani stanziali: pensiline parcheggio, pensiline attesa, impianti di rilevamento e trasmissione dati, impianti per la segnalazione e per la comunicazione pubblicitaria, impianti per l&#8217;illuminazione, barriere antirumore ed impianti vari. Anche in questo caso si tratta generalmente di soluzioni interessanti dal punto di vista dell&#8217;integrazione ed un bagaglio di ottimi spunti per affrontare le problematiche relative alle loro progettazioni.<\/p>\n<p>In questa ottica siamo convinti che la definizione di un metodo di approccio allo studio dei sistemi e delle applicazioni civili FV possa essere interessante sia per chi voglia esplorare le molteplici potenzialit\u00e0 del settore sia, pi\u00f9 specificatamente, per i progettisti che avranno a loro disposizione uno strumento analitico per individuare la soluzione applicativa migliore.<\/p>\n<p>Per informazioni: Arch. Mauro Spagnolo<br \/>\ne-mail: studiospagnolo@tiscalinet.it<\/p>\n<p>Molte delle analisi e considerazioni espresse in queste articolo sono state approfondite nel volume di Mauro Spagnolo di recente pubblicazione &#8220;Il sole nella citt\u00e0. L&#8217;uso del fotovoiltaico nell&#8217;edilizia&#8221;, edito da Franco Muzzio Editore e promosso da ISES ITALIA (vedi Notizie da ISES ITALIA).Il volume fornisce una mappa delle tipologie di inserimento del fotovoltaico in architettura e pu\u00f2 essere d&#8217;ausilio sia a coloro che si avvicinano per la prima volta a questa tecnologia sia ai pi\u00f9 esperti tecnici e professionisti del settore.<\/p>\n<h4>NOTIZIE DA ISES ITALIA<\/h4>\n<p><strong>DIVENTA SOCIO DI ISES ITALIA!<\/strong><\/p>\n<p><strong>CAMPAGNA SOCI 2003<\/strong><\/p>\n<p>SONO APERTE LE ISCRIZIONI AD ISES ITALIA PER L&#8217;ANNO 2003<\/p>\n<p>Per coloro che si iscrivono subito due mesi gratuiti (novembre e dicembre 2002)<\/p>\n<p>Per conoscere le diverse categorie di Socio ed i servizi agli associati: www.isesitalia.it<\/p>\n<p><strong>GLI IMPIANTI SOLARI TERMICI NEGLI EDIFICI: DAL PROGETTO ALLA REALIZZAZIONE<\/strong><\/p>\n<p>3\u00b0 corso di formazione organizzato da ISES ITALIA e Ambiente Italia in collaborazione con l&#8217;Agenzia Provinciale dell&#8217;Energia e dell&#8217;Ambiente della Capitanata (A.P.E.A.C.)<\/p>\n<p>3 &#8211; 6 dicembre 2002 (ore 14.00 &#8211; 19.00)<\/p>\n<p>Presso la sede dell&#8217;APEAC &#8211; Localit\u00e0 Torre Bianca a Candela (FG)<\/p>\n<p>In occasione dell&#8217;imminente uscita del bando del Ministero dell&#8217;Ambiente per incentivare i sistemi solari termici, ISES ITALIA e Ambiente Italia, in collaborazione con l&#8217;Agenzia Provinciale dell&#8217;Energia e dell&#8217;Ambiente della Capitanata, organizzano il Corso &#8220;Gli impianti solari termici negli edifici: dal progetto alla realizzazione&#8221; Oggetto del Corso \u00e8 la grande variet\u00e0 di applicazioni dei sistemi solari termici per il riscaldamento dell&#8217;acqua sanitaria e\/o degli ambienti partendo da impianti di piccola taglia per abitazioni mono e bifamiliari fino ad arrivare ad impianti di grandi dimensioni. Saranno illustrate le fasi della progettazione nella loro specificit\u00e0 tecnica ed architettonica: le prime valutazioni di fattibilit\u00e0, la progettazione, l&#8217;installazione, la messa in esercizio, i regolari interventi di manutenzione, analizzando anche esempi di realizzazioni concrete e servendosi di strumenti software.<\/p>\n<p>Questo Corso, della durata di 20 ore di lezione distribuite in quattro giorni di 5 ore ciascuno, \u00e8 sostenuto dalla Commissione Europea DG TREN nell&#8217;ambito del progetto Europeo Altener &#8220;Qualisol &#8211; Installer Qualification for Solar Heating Systems&#8221;.<\/p>\n<p>Il Corso \u00e8 rivolto a progettisti, architetti, ingegneri, consulenti energetici, energy manager, termotecnici, installatori, docenti di istituti tecnici e professionali, rivenditori, responsabili di amministrazioni pubbliche per l&#8217;energia, studenti che frequentino gli ultimi anni di Universit\u00e0.<\/p>\n<p>Il numero degli iscritti al Corso \u00e8 limitato a 40 partecipanti.<\/p>\n<p>Il materiale didattico a disposizione di ogni partecipante:<\/p>\n<p>&#8220;Impianti solari termici &#8211; manuale per la progettazione e costruzione&#8221; realizzato da Ambiente Italia all&#8217;interno del progetto Europeo Altener Qualisol.<br \/>\nGli impianti solari termici negli edifici &#8211; realizzato da ISES ITALIA<br \/>\n2 numeri della newsletter di ISES ITALIA &#8220;Ilsoleatrecentosessantagradi&#8221;<br \/>\nOpuscolo su solare termico di ISES ITALIA<br \/>\nPer la partecipazione al corso \u00e8 prevista una quota di iscrizione di:<\/p>\n<p>310 euro + IVA 20% (totale: 372 euro)<br \/>\n270 euro + IVA 20% (per i Soci di ISES ITALIA) (totale: 312 euro)<br \/>\nAlla fine del corso sar\u00e0 rilasciato un attestato di frequenza da parte di ISES ITALIA.<\/p>\n<p>Per informazioni sul programma, iscrizioni e modalit\u00e0 di pagamento consultare il sito internet di ISES ITALIA &#8211; www.isesitalia.it<\/p>\n<p>Per ulteriori informazioni: Elisa Modugno (ISES ITALIA)<br \/>\ne-mail: modugno@isesitalia.it<\/p>\n<p><strong>ISES Italia organizza il 17\u00b0 corso su <\/strong><br \/>\n<strong>I SISTEMI FOTOVOLTAICI: PROGETTAZIONE TECNICO-ARCHITETTONICA<\/strong><br \/>\nRoma, 2 -5 dicembre 2002 (orario: 14 -19)<\/p>\n<p>Sede CIRPS &#8211; Via Tommaso Grossi, 8\/10<\/p>\n<p>Coordinatore tecnico-scientifico: Arch. Patricia Ferro<\/p>\n<p>Il corso di 20 ore di lezione distribuite in quattro giorni di 5 ore ciascuno, \u00e8 rivolto a progettisti, architetti, ingegneri, consulenti energetici, energy manager, docenti di istituti tecnici e professionali, rivenditori, responsabili di amministrazioni pubblici per l&#8217;energia, studenti che frequentino gli ultimi anni di universit\u00e0 e che siano interessati alla progettazione dei sistemi fotovoltaici negli edifici.<\/p>\n<p>Per informazioni sul programma, iscrizioni e modalit\u00e0 di pagamento:<br \/>\nISES ITALIA &#8211; tel. 06 77073610-11<br \/>\nwww.isesitalia.it<\/p>\n<p><strong>GLI ATTI DI EUROSUN 2002<\/strong><\/p>\n<p>Sono disponibili gli Atti completi su CD Rom di &#8220;Eurosun 2002 &#8211; The 4th ISES Europe Congress&#8221; (Isbn 88-900893-0-X)<\/p>\n<p>Costo: 45 euro (Soci ISES ITALIA) &#8211; 65 euro (non Soci)<\/p>\n<p>Per ordinazione: www.isesitalia.it\/eurosun2002.htm<br \/>\nPer informazioni: e-mail: eurosun2002@isesitalia.it<\/p>\n<p><strong>IL SOLE NELLA CITT\u00c1 L&#8217;USO DEL FOTOVOLTAICO NELL&#8217;EDILIZIA<\/strong><br \/>\ndi Mauro Spagnolo<\/p>\n<p>FRANCO MUZZIO EDITORE &#8211; Editori Riuniti Collana &#8220;Energie&#8221; in collaborazione con ISES ITALIA<\/p>\n<p>Anno 2002 &#8211; pp. 231 (17 x 24 cm)<\/p>\n<p>Costo: 17,00 euro (Per i non Soci) &#8211; 12,50 euro (Per i Soci)<\/p>\n<p>Codice catalogo pubblicazione ISES ITALIA: 15<\/p>\n<p>ISES ITALIA ha avviato una collaborazione con Editori Riuniti per una Collana dedicata alle Fonti Energetiche Rinnovabili. L&#8217;obiettivo dell&#8217;iniziativa editoriale \u00e8 di presentare il risultato del continuo sviluppo tecnologico registratosi negli ultimi anni e di offrire al lettore un quadro aggiornato delle potenzialit\u00e0 delle diverse tecniche di produzione energetica.<\/p>\n<p>PRESENTAZIONE DEL VOLUME<\/p>\n<p>Il volume costituisce uno studio organico sulle potenzialit\u00e0 dell&#8217;integrazione del fotovoltaico nell&#8217;architettura e nelle strutture che arredano le nostre citt\u00e0. Esso nasce da una duplice esigenza: fornire informazioni di base per chi volesse avvicinarsi al mondo del fotovoltaico e &#8220;mappare&#8221; le tipologie, fornendo criteri operativi, che rendano possibile il matrimonio tra l&#8217;architettura ed il fotovoltaico.<\/p>\n<p>Questo doppio binario ha un ambizioso obiettivo: consentire la lettura del libro sia alle persone che si avvicinano per la prima volta al fotovoltaico, sia ai pi\u00fa esigenti tecnici e professionisti del settore. Da un lato, infatti, la struttura di base del libro affronta i problemi principali di un sistema fotovoltaico integrato in un edificio in ordine alla progettazione, l&#8217;installazione, la manutenzione e la gestione; questo percorso porta all&#8217;individuazione di 25 possibili tipologie di impianti riportate in altrettante schede nelle quali, oltre alla descrizione di alcuni esempi di realizzazione, si trovano informazioni tecniche e dettagli costruttivi. Da un altro lato, poi, sono trattati gli aspetti pi\u00fa propriamente tecnologici del fotovoltaico in Appendici monotematiche, sviluppate per soddisfare interessi specifici. Nel loro interno le informazioni sono semplici ed alla portata di tutti, ma con numerose parti di maggior dettaglio tecnico, indirizzate a chi volesse approfondire alcuni particolari aspetti.<\/p>\n<p><strong>E\u2019 ON LINE LA NUOVA VERSIONE GRAFICA DEL SITO INTERNET DI ISES ITALIA<\/strong><\/p>\n<p>www.isesitalia.it<\/p>\n<p>INFORMAZIONI PIU\u2019 COMPLETE SULLE TECNOLOGIE; AGGIORNATE LE LISTE DEI SOCI COLLETTIVI DI ISES ITALIA (AZIENDE ED ORGANIZZAZIONI DEL SETTORE DELLE RINNOVABILI) ED IL CATALOGO DELLE PUBBLICAZIONI; NUOVI DOCUMENTI DA SCARICARE.<\/p>\n<p><strong>INCONTRI DI ISES INTERNATIONAL A FRIBURGO<\/strong><\/p>\n<p>Il Consiglio Direttivo visita i nuovi uffici dell&#8217;Istituto Fraunhofer per l&#8217;energia solare ed \u00e8 ricevuto dal Sindaco della citt\u00e0.<\/p>\n<p>Dal 26 al 29 settembre si sono tenuti a Friburgo (Germania) il Consiglio Direttivo e l&#8217;Assemblea annuale dei Soci di ISES International per esaminare le attivit\u00e0 dell&#8217;Associazione e approvarne le relative relazioni annuali. Confermata la priorit\u00e0 delle attivit\u00e0 associative e dei servizi ai Soci (congressi e conferenze mondiali, regionali e nazionali; pubblicazioni, siti internet, corsi di formazione). Particolare enfasi \u00e8 stata posta sull&#8217;importante ruolo che le Sezioni nazionali possono svolgere nel far conoscere e promuovere le politiche di maggiore successo attuate a favore delle rinnovabili in ambito internazionale e i servizi offerti da ISES International (Solar Energy Journal, Refocus, sconti per la partecipazione a congressi, convegni, corsi di formazione, alla ICN, per l&#8217;acquisto di pubblicazioni realizzate da ISES International o dalle sezioni nazionali).<\/p>\n<p>L&#8217;esecutivo ha ribadito l&#8217;esigenza di un rinnovato impegno nelle attivit\u00e0 internazionale da parte di tutti i membri del Consiglio Direttivo. Al riguardo \u00e8 stato avviato un piano per l&#8217;affidamento di nuove responsabilit\u00e0 e ruoli nei vari settori tecnici e nelle diverse aree geografiche. Ridotto a otto unit\u00e0 il numero dello staff presso la sede centrale di Friburgo al fine di migliorare i risultati economici dell&#8217;Associazione, la quale gi\u00e0 ha acquisito per i prossimi 2-3 anni un volume di attivit\u00e0 nell&#8217;ordine dei 2 milioni di euro. Sono state inoltre approvate varie azioni per rinnovare il corpo degli &#8220;Associate Editors&#8221; del Solar Energy Journal, la cui direzione \u00e8 passata dal Prof. Joachim Luther dell&#8217;Istituto Fraunhofer per l&#8217;energia solare al Prof. Yogi Goswami del Laboratorio per l&#8217;energia solare dell&#8217;Universit\u00e0 della Florida. In corso di potenzialmente anche la rete dei corrispondenti della rivista Refocus la cui tiratura ha raggiunto le 25.000 copie.<\/p>\n<p>Nel corso del Consiglio Direttivo sono stati illustrati i programmi relativi al prossimo congresso mondiale di ISES International nel giugno 2003 in Svezia (vedi riquadro) e alle celebrazioni per il 50\u00b0 anniversario della fondazione dell&#8217;associazione del 2004 e del 2005. Durante le permanenza a Friburgo il Consiglio Direttivo di ISES International, guidato dal Presidente Anne Grete Hestnes, \u00e8 stato ricevuto dal sindaco Salamon, il quale ha illustrato gli importanti risultati raggiunti dalla sua citt\u00e0 nello sviluppo di significativi esempi di una economia basata sull&#8217;energia solare. Il nuovo quartiere solare di Friburgo promosso e realizzato dall&#8217;imprenditore e architetto solare Rolf Disch \u00e8 oggi oggetto di visite &#8220;turistiche&#8221; da tutte le parti del mondo. A Friburgo sono stati costruiti negli ultimi anni gli edifici per uso industriale, commerciale e residenziale pi\u00f9 avanzati nell&#8217;uso dell&#8217;energia solare, come la nuova sede degli uffici e dei laboratori dell&#8217;Istituto Fraunhofer per l&#8217;energia solare, caratterizzata da un consumo energetico di 35 kWh\/m2\/anno. Le case progettate e costruite dal Rolf Disch a prezzi di mercato confrontabili con quelli delle case convenzionali producono pi\u00f9 energia di quella dalle stesse consumata.<\/p>\n<p>Il sindaco Salomon ha evidenziato come i semi di questi sviluppi siano stati posti a met\u00e0 degli anni &#8217;70 e negli anni &#8217;80, quando le popolazioni della regione protestarono unaminemente contro la decisione dello stato federale del Baden-W\u00fcrttemberg di costruire un centrale nucleare. La ricerca di alternative energetiche fu particolarmente favorita dal fatto che si cre\u00f2 un fronte unito contro il nucleare che comprendeva tutte le forze politiche e che diede origine a varie iniziative la cui sinergia \u00e8 stata fondamentale per innescare nuovi processi di sviluppo economico favorevoli all&#8217;ambiente. Nelle recenti elezioni tedesche il partito dei Verdi, che in Germania ha avuto una media dell&#8217;8,5% dei voti, \u00e8 stato premiato nella regione di Friburgo con quasi un 30% dei voti e nei quartieri solari di Friburgo addirittura la percentuale a favore di quel partito \u00e8 risultata di oltre il 60%, segno di interessi sempre pi\u00f9 ampi nei vari settori della societ\u00e0 verso un&#8217;economia alimentata dall&#8217;energia del sole. A conclusione dell&#8217;incontro il Sindaco Salamon ha accettato l&#8217;invito di Anne Grete Hestnes di diventare Socio di ISES International.<\/p>\n<p><strong>CONGRESSO MONDIALE SULL&#8217;ENERGIA SOLARE DI ISES INTERNATIONAL<\/strong><\/p>\n<p>G\u00f6teborg (Svezia), 14-19 giugno 2003<\/p>\n<p>Congresso tecnico scientifico, ISREE-9, Mostra industriale e Tour tecnici.<\/p>\n<p>Oltre 40 le sessioni parallele su: Energia solare e societ\u00e0, Edifici solari, Tecnologie dei collettori solari, Tecnologie fotovoltaiche, Sistemi solari e relative applicazioni, Valutazione delle risorse, Immagazzinamento, combustibili e processi chimici, Energia solare alle alte latitudini (&#8220;Congresso Northsun 2003&#8221;)<\/p>\n<p>INVIO SOMMARI ENTRO IL 1 DICEMBRE 2002<\/p>\n<p>Tutti coloro che sono interessati a presentare una propria relazione nelle varie Sessioni del Congresso tecnico-scientifico e a ISREE-9 devono inviarne il sommario in inglese seguendo le istruzioni fornite al sito web entro il 1 dicembre 2002.<\/p>\n<p>Per ulteriori informazioni: ISES SOLAR WORLD CONGRESS 2003<br \/>\nc\/o Congrex G\u00f6teborg AB &#8211; P.O. Box 5078 &#8211; S-402 22 G\u00f6teborg<br \/>\ntel. +46 31 818220\u00a0\u00a0 fax: +46 31 818225<br \/>\ne-mail: ises2003@gbg.congrex.com &#8211; www.congrex.com\/ises2003\/<\/p>\n<p><strong>ABBONAMENTO Ilsoleatrecentosessantagradi<\/strong><\/p>\n<p>Per ricevere la newsletter mensile di ISES ITALIA, Ilsoleatrecentosessantagradi, versione cartacea e on line:<br \/>\ndiventa Socio di ISES ITALIA<\/p>\n<p>oppure<\/p>\n<p>puoi anche abbonarti!<\/p>\n<p>Con 35 euro hai diritto a ricevere 11 numeri della newsletter (versione cartacea e on line) che da quest\u2019anno avr\u00e0, in alcuni numeri, anche pi\u00f9 pagine.<\/p>\n<p>Altre modalit\u00e0 di abbonamento per coloro che desiderano ricevere per ogni numero 10, 30 o 50 copie (ad esempio, agenzie energetiche, ordini professionali, enti, ecc.)<\/p>\n<p>A tutti i Soci del 2002 verr\u00e0 inviato il N.3 di marzo de &#8220;Ilsoleatrecentosessantagradi&#8221;, con l&#8217;inserto &#8220;Compatibilit\u00e0 ambientale degli impianti eolici&#8221; (24 pp.)<\/p>\n<p>Per informazioni: www.ilsolea360gradi.it\/abbonamento.htm<\/p>\n<p>Hanno collaborato a questo numero:<\/p>\n<p>Luciano Pirazzi, Mauro Spagnolo<\/p>\n<p>Numero chiuso il 7 novembre 2002<\/p>\n","protected":false},"excerpt":{"rendered":"<p>Scarica il PDF:\u00a0IlSolea360gradi &#8211; Anno IX &#8211; N.9 Ottobre 2002 Newsletter mensile di ISES ITALIA In questo numero: IN MOSTRA A ROMA IL SETTORE DEL FOTOVOLTAICO Da 57 paesi 300 espositori e 700 delegati al Convegno &#8220;PV in Europe&#8221;. L&#8217;evento, dopo 14 anni in Italia, si \u00e8 svolto ad un anno dal lancio del programma &hellip; <a href=\"http:\/\/gses.it\/360archive\/2002\/10\/01\/n-9-ottobre-2002\/\" class=\"more-link\">Continue reading <span class=\"screen-reader-text\">N. 9 OTTOBRE 2002<\/span> <span class=\"meta-nav\">&rarr;<\/span><\/a><\/p>\n","protected":false},"author":2,"featured_media":0,"comment_status":"closed","ping_status":"closed","sticky":false,"template":"","format":"standard","meta":[],"categories":[20],"tags":[],"_links":{"self":[{"href":"http:\/\/gses.it\/360archive\/wp-json\/wp\/v2\/posts\/275"}],"collection":[{"href":"http:\/\/gses.it\/360archive\/wp-json\/wp\/v2\/posts"}],"about":[{"href":"http:\/\/gses.it\/360archive\/wp-json\/wp\/v2\/types\/post"}],"author":[{"embeddable":true,"href":"http:\/\/gses.it\/360archive\/wp-json\/wp\/v2\/users\/2"}],"replies":[{"embeddable":true,"href":"http:\/\/gses.it\/360archive\/wp-json\/wp\/v2\/comments?post=275"}],"version-history":[{"count":6,"href":"http:\/\/gses.it\/360archive\/wp-json\/wp\/v2\/posts\/275\/revisions"}],"predecessor-version":[{"id":757,"href":"http:\/\/gses.it\/360archive\/wp-json\/wp\/v2\/posts\/275\/revisions\/757"}],"wp:attachment":[{"href":"http:\/\/gses.it\/360archive\/wp-json\/wp\/v2\/media?parent=275"}],"wp:term":[{"taxonomy":"category","embeddable":true,"href":"http:\/\/gses.it\/360archive\/wp-json\/wp\/v2\/categories?post=275"},{"taxonomy":"post_tag","embeddable":true,"href":"http:\/\/gses.it\/360archive\/wp-json\/wp\/v2\/tags?post=275"}],"curies":[{"name":"wp","href":"https:\/\/api.w.org\/{rel}","templated":true}]}}