{"id":267,"date":"2002-05-01T18:36:04","date_gmt":"2002-05-01T18:36:04","guid":{"rendered":"http:\/\/webfabbrica.com\/360archive\/?p=267"},"modified":"2016-07-18T14:25:18","modified_gmt":"2016-07-18T14:25:18","slug":"n-5-maggio-2002","status":"publish","type":"post","link":"http:\/\/gses.it\/360archive\/2002\/05\/01\/n-5-maggio-2002\/","title":{"rendered":"N. 5 MAGGIO 2002"},"content":{"rendered":"<p><em>Scarica il PDF:\u00a0<\/em><a href=\"http:\/\/gses.it\/360archive\/wp-content\/uploads\/2002\/01\/IlSolea360gradi-Anno-IX-N.5-Maggio-2002.pdf\">IlSolea360gradi &#8211; Anno IX &#8211; N.5 Maggio 2002<\/a><\/p>\n<p>Newsletter mensile di ISES ITALIA<\/p>\n<p>In questo numero:<\/p>\n<ul>\n<li>UN INTENSO CALENDARIO DI EVENTI SULLE RINNOVABILI<br \/>\nUn segno di vitalit\u00e0 del settore da sostenere con chiare strategie capaci di aggregare e concentrare gli interessi di ricerca, industria ed istituzioni per costituire un fronte pi\u00f9 compatto a favore di tutte le rinnovabili.<\/li>\n<li>RAPPORTO SULLO STATO DELLE FONTI RINNOVABILI NELL&#8217;UNIONE EUROPEA<br \/>\nNegli ultimi 5 anni sono cresciuti i consumi di energia da rinnovabili, ma resta quasi invariata la quota sul totale dei consumi lordi di energia primaria. Per raggiungere gli obiettivi al 2010 servir\u00e0 una rigida politica di riduzione dei consumi energetici da fonti fossili.<\/li>\n<li>ALCUNI EVENTI SUNDAY 2002 IN ITALIA<br \/>\nLa giornata europea per la promozione dell&#8217;energia solare<\/li>\n<li>ISES ORGANIZZA A ROMA LA 1A &#8220;SUMMER ACADEMY FOR MEDITERRANEAN SOLAR ARCHITECTURE&#8221; (29 LUGLIO-10 AGOSTO)<\/li>\n<li>BANDO 2002 PER IL COFINANZIAMENTO DI PROGRAMMI PER L&#8217;ATTUAZIONE DELLE AGENDE 21 LOCALI<\/li>\n<li>COMUNIT\u00c0 LOCALI A ENERGIA SOLARE<br \/>\nPROGRAMMA DI SOLARIZZAZIONE A MONSANO: PROGETTO PILOTA PER LA PROVINCIA DI ANCONA<br \/>\nENERGIA &#8220;VERDE&#8221; PER CUTIGLIANO (PT). SI INIZIA CON L&#8217;EOLICO<br \/>\nFINANZIAMENTI REGIONALI PER LE RINNOVABILI<\/li>\n<li>NEWS\n<ul>\n<li>&#8220;VENTO E SOLE&#8221; PER CHIMEL, IL PAESE DEL PREMIO NOBEL RIGOBERTA MENCHU&#8217;<\/li>\n<li>IL GRUPPO PIRELLI INVESTE NELLA RICERCA PER IL SETTORE DELL&#8217;ENERGIA PULITA<\/li>\n<li>LA &#8220;SOLARIZZAZIONE&#8221; DELLE STRUTTURE MILITARI IN OLANDA<\/li>\n<li>ENERGIA RINNOVABILE PER LE OLIMPIADI DEL 2004 E DEL 2008<\/li>\n<li>LE INIZIATIVE DELLE ASSOCIAZIONI DI CATEGORIA DEL SOLARE PER FAVORIRE IL DECOLLO DEL MERCATO<br \/>\nNel corso di SOLAREXPO 2002, la Mostra e Convegno dedicata alle energie rinnovabili tenutasi alla Fiera di Verona dal 23 al 26 maggio, le associazioni di categoria dell&#8217;energia solare fotovoltaica (GIFI) e termica (Assolterm) hanno riproposto alcune posizioni ed iniziative per lo sviluppo del settore: la richiesta di intraprendere la strada dell&#8217;incentivo in conto energia per il FV ed il &#8220;Solar Pass&#8221; per i sistemi solari termici.<\/li>\n<\/ul>\n<\/li>\n<li>DAL MINISTERO DELL&#8217;AMBIENTE<br \/>\nLANCIO DEL PROGRAMMA PER IL SOLARE TERMICO E DECRETI PER L&#8217;EFFICIENZA ENERGETICA<\/li>\n<li>FOCUS TECNOLOGIA<br \/>\nNUOVE PROSPETTIVE TECNOLOGICHE PER IL FUTURO SVILUPPO DELL&#8217;ENERGIA SOLARE<br \/>\nRectennas o nano-antenne solari, nuovi cicli termodinamici e tecnologie fotocatalitiche in una relazione del Laboratorio per l&#8217;Energia Solare e per la Conversione dell&#8217;Energia dell&#8217;Universit\u00e0 della Florida.<\/li>\n<li>NOTIZIE DA ISES ITALIA<\/li>\n<li>EVENTI<\/li>\n<\/ul>\n<p><!--more--><\/p>\n<h4>UN INTENSO CALENDARIO DI EVENTI SULLE RINNOVABILI<\/h4>\n<p>Un segno di vitalit\u00e0 del settore da sostenere con chiare strategie capaci di aggregare e concentrare gli interessi di ricerca, industria ed istituzioni per costituire un fronte pi\u00f9 compatto a favore di tutte le rinnovabili.<\/p>\n<p>Molti operatori si pongono sempre pi\u00f9 frequentemente domande sul perch\u00e9 del proliferare di convegni e fiere sulle energie rinnovabili, sia a livello europeo sia nazionale (in Italia, solo tra maggio e giugno, Solarexpo, EuroSun e Sunweek), a fronte di un mercato che cresce realmente solo per alcuni settori e per pochi operatori (come nel caso dell&#8217;eolico, che comunque vive un periodo di incertezze), mentre per altri l&#8217;incremento \u00e8 fin troppo lento (come per il solare termico, le case solari, l&#8217;uso delle biomasse e la geotermia).<\/p>\n<p>L&#8217;affollamento di eventi convegnistici e fieristici, di per s\u00e9 utile almeno in una prima fase di rilancio, rischia di distrarre energie da destinare alla soluzione dei problemi concreti, proprio quando nuovi provvedimenti in ambito energetico, a livello europeo e nazionale, rischiano di mettere in discussione una serie di azioni avviate recentemente per lo sviluppo delle rinnovabili. Ed i segnali non sono cos\u00ec sporadici. Nonostante il fermo impegno europeo a favore del protocollo di Kyoto, infatti crescono le emissioni di CO2 ed il nucleare riemerge come soluzione al problema dei cambiamenti climatici; ad esempio, il Parlamento finlandese ha deciso di costruire una nuova centrale nucleare, la prima in Europa dal 1991.<\/p>\n<p>Non possiamo quindi escludere che le premesse ed i risultati fin qui ottenuti possano essere improvvisamente cancellati da un ritorno a schemi tradizionali di produzione e distribuzione dell&#8217;energia elettrica che rinvierebbero uno sviluppo basato sulle energie pulite e decentralizzate, correndo anche il rischio di non cogliere i possibili vantaggi derivanti da una gi\u00e0 acquisita maturit\u00e0 tecnologica e commerciale.<\/p>\n<p>Sono domande e riflessioni che ISES ITALIA si \u00e8 posta nel corso dell&#8217;organizzazione di EuroSun 2002. Quando si lanci\u00f2 nel 1999 l&#8217;idea di tenere EuroSun per la prima volta in Italia si puntava a realizzare un importante momento di aggregazione e di confronto europeo per tutti gli operatori italiani impegnati nella ricerca e sviluppo, industria, commercio e politiche energetiche. A circa due settimane da EuroSun possiamo dire che, nonostante l&#8217;evento sia stato preceduto e sar\u00e0 seguito da tante altre iniziative, la risposta della comunit\u00e0 delle rinnovabili \u00e8 comunque positiva. Sono state selezionate oltre 200 proposte di relazione e si attende la partecipazione di non meno 300 esperti. Da parte italiana sono state selezionate oltre 50 proposte di relazione di esperti e studiosi di centri di ricerca, universit\u00e0 e industrie: un&#8217;ulteriore conferma della necessit\u00e0 di una sede nazionale annuale nella quale incontrarsi e confrontarsi sulle tematiche tecnico-scientifiche e di policy, in aggiunta a quelle del mercato.<\/p>\n<p>Tra gli obiettivi di EuroSun 2002 c&#8217;\u00e8 quello di focalizzare l&#8217;attenzione sui temi delle risorse rinnovabili concretamente disponibili sul territorio e sulla loro integrazione in ambito locale; i temi delle relazioni proposte sembrano indicare che su questi argomenti alcuni passi in avanti sono stati fatti. Ci auguriamo che la natura dei temi trattati e l&#8217;auspicato coinvolgimento di numerose entit\u00e0 locali possano costituire una nuova spinta a superare la segmentazione del settore in una visione di lungo periodo e per una progressiva integrazione, su larga scala, di tutte le fonti e le tecnologie rinnovabili.<\/p>\n<p>Una strategia in tal senso, ben lontana dall&#8217;essere definita, potrebbe comunque aiutare anche a ricomporre il calendario degli eventi solari in Italia, evitando la parcellizzazione delle iniziative ed incrementandone cos\u00ec la loro efficacia. Ci attendono molte sfide, a cominciare da quelle poste dall&#8217;innovazione e dalla ricerca (&#8220;Focus Tecnologia&#8221; di questo mese), per arrivare a quelle con cui si confronta chi \u00e8 gi\u00e0 in prima fila sul mercato. Costruire un&#8217;unica e forte voce a favore di tutte le rinnovabili dovrebbe essere un interesse di tutti e su questo \u00e8 indispensabile collaborare. A Bologna, ISES International, ISES Europe ed ISES ITALIA hanno nell&#8217;agenda dei propri lavori anche questi argomenti appena illustrati. I Soci e tutti gli interessati allo sviluppo sostenibile basato sul decisivo apporto delle rinnovabili sono calorosamente invitati a condividere con noi le proprie idee e a contribuire ad un futuro sempre pi\u00f9 &#8220;solare&#8221;.<\/p>\n<p>Appuntamento a Bologna!<\/p>\n<h4>RAPPORTO SULLO STATO DELLE FONTI RINNOVABILI NELL&#8217;UNIONE EUROPEA<\/h4>\n<p>Negli ultimi 5 anni sono cresciuti i consumi di energia da rinnovabili, ma resta quasi invariata la quota sul totale dei consumi lordi di energia primaria. Per raggiungere gli obiettivi al 2010 servir\u00e0 una rigida politica di riduzione dei consumi energetici da fonti fossili.<\/p>\n<p>\u00c8 stata recentemente pubblicata sulla rivista Syst\u00e8me Solaire (n. 148, marzo-aprile) la sintesi dei dati raccolti nell&#8217;ambito del progetto EurObserv&#8217;ER che effettua il monitoraggio sullo sviluppo delle rinnovabili in Europa. La panoramica sullo stato della diffusione delle fonti rinnovabili nell&#8217;Europa dei 15 si basa sui dati raccolti dall&#8217;ottobre del 2000 al febbraio del 2002 (pubblicati spesso anche dal Ilsolea360gradi). La sintesi offre un quadro di 8 settori tecnologici: eolico, biocarburanti, mini-idroelettrico, geotermia, fotovoltaico, solare termico, biogas, biomasse, fornendo i dati degli ultimi anni (in particolare del 1999 e 2000) e descrivendo l&#8217;attuale tendenza di crescita rispetto agli obiettivi europei al 2010 fissati da Libro bianco.<\/p>\n<p>Questo secondo bilancio di EurObserv&#8217;ER (&#8220;Barometro europeo 2001&#8221;) sulle rinnovabili in EU, che segue quello relativo ai dati del 1995, pubblicato nel &#8217;98, conferma le linee di tendenza osservate nella prima ricerca, che indicano una costante crescita dell&#8217;industria europea che diviene sempre pi\u00f9 strutturata in sintonia con la maggiore maturit\u00e0 delle tecnologie. Esempi di questo tipo si possono riscontrare nel settore dell&#8217;eolico, del fotovoltaico e del solare termico. Tuttavia il livello industriale e tecnologico raggiunto dai diversi settori \u00e8 piuttosto diversificato nei vari paesi, anche alla luce del fatto che ciascuno ha proprie potenzialit\u00e0 e specifiche politiche. La Finlandia e la Svezia, ad esempio, sono al vertice nel settore della produzione energetica da biomasse, mentre Danimarca e Spagna hanno sviluppato un industria eolica leader anche a livello mondiale. La Francia \u00e8 al primo posto nel campo dei biocombustibili, l&#8217;Italia nello sfruttamento della risorsa geotermica e la Gran Bretagna nel biogas. La Germania \u00e8 davanti ai suoi partner europei in tre settori, almeno per ci\u00f2 che concerne la potenza installata: eolico, fotovoltaico e solare termico. Anche queste diversit\u00e0 e complementariet\u00e0 pongono l&#8217;Unione europea al vertice mondiale nel progresso tecnologico delle rinnovabili.<\/p>\n<p>Al momento, l&#8217;UE \u00e8 la sola regione del mondo realmente impegnata nello sviluppo delle rinnovabili, in particolare nel FV, solare termico ed eolico (il Giappone lo \u00e8 per il FV e gli Stati Uniti per alcuni comparti tecnologici). In questi ultimi anni, il quadro politico ed istituzionale in cui si muove lo sviluppo dell&#8217;intero settore sta iniziando a strutturarsi in modo pi\u00f9 solido, come testimoniano anche gli obiettivi posti dal Libro bianco al 2010 e la Direttiva europea sulla produzione di energia elettrica da rinnovabili. Secondo gli autori della ricerca, questi obiettivi, gi\u00e0 molto ambiziosi, saranno particolarmente difficile da ottenere se i consumi di energia primaria (idrocarburi, in particolare) continueranno a crescere con tassi costanti. La quota di rinnovabili sul totale dei consumi di energia primaria \u00e8 pressoch\u00e9 la stessa dal 1995 (solo + 0,3% in 5 anni) anche se si \u00e8 registrato un incremento di circa 9 milioni di tonnellate equivalenti petrolio del consumo di energia da rinnovabili, con una crescita di oltre l&#8217;11% rispetto al &#8217;95 (tabella 1).<\/p>\n<p><em>Tabella 1 &#8211; Consumi lordi di energia primaria da fonti rinnovabili nell&#8217;UE (in Mtep)<\/em><\/p>\n<table>\n<tbody>\n<tr>\n<td valign=\"TOP\" width=\"136\">\n<p align=\"CENTER\"><strong>Fonti rinnovabili<\/strong><\/p>\n<\/td>\n<td valign=\"TOP\" width=\"87\">\n<p align=\"CENTER\"><strong>Consumo 1995<\/strong><\/p>\n<\/td>\n<td valign=\"TOP\" width=\"81\">\n<p align=\"CENTER\"><strong>Consumo 2000<\/strong><\/p>\n<\/td>\n<td valign=\"TOP\" width=\"127\">\n<p align=\"CENTER\"><strong>Obiettivi Libro bianco (2010)<\/strong><\/p>\n<\/td>\n<\/tr>\n<tr>\n<td valign=\"TOP\" width=\"136\">Eolico<\/td>\n<td valign=\"TOP\" width=\"87\">\n<p align=\"RIGHT\">0,35<\/p>\n<\/td>\n<td valign=\"TOP\" width=\"81\">\n<p align=\"RIGHT\">1,83<\/p>\n<\/td>\n<td valign=\"TOP\" width=\"127\">\n<p align=\"RIGHT\">6,89<\/p>\n<\/td>\n<\/tr>\n<tr>\n<td valign=\"TOP\" width=\"136\">Idroelettrico<\/td>\n<td valign=\"TOP\" width=\"87\">\n<p align=\"RIGHT\">24,80<\/p>\n<\/td>\n<td valign=\"TOP\" width=\"81\">\n<p align=\"RIGHT\">27,00<\/p>\n<\/td>\n<td valign=\"TOP\" width=\"127\">\n<p align=\"RIGHT\">28,80<\/p>\n<\/td>\n<\/tr>\n<tr>\n<td valign=\"TOP\" width=\"136\">Fotovoltaico<\/td>\n<td valign=\"TOP\" width=\"87\">\n<p align=\"RIGHT\">0,002<\/p>\n<\/td>\n<td valign=\"TOP\" width=\"81\">\n<p align=\"RIGHT\">0,011<\/p>\n<\/td>\n<td valign=\"TOP\" width=\"127\">\n<p align=\"RIGHT\">0,26<\/p>\n<\/td>\n<\/tr>\n<tr>\n<td valign=\"TOP\" width=\"136\">Biomasse<\/td>\n<td valign=\"TOP\" width=\"87\">\n<p align=\"RIGHT\">44,80<\/p>\n<\/td>\n<td valign=\"TOP\" width=\"81\">\n<p align=\"RIGHT\">48,65<\/p>\n<\/td>\n<td valign=\"TOP\" width=\"127\">\n<p align=\"RIGHT\">135,00<\/p>\n<\/td>\n<\/tr>\n<tr>\n<td valign=\"TOP\" width=\"136\">Geotermia<\/td>\n<td valign=\"TOP\" width=\"87\">\n<p align=\"RIGHT\">2,50<\/p>\n<\/td>\n<td valign=\"TOP\" width=\"81\">\n<p align=\"RIGHT\">3,42<\/p>\n<\/td>\n<td valign=\"TOP\" width=\"127\">\n<p align=\"RIGHT\">5,20<\/p>\n<\/td>\n<\/tr>\n<tr>\n<td valign=\"TOP\" width=\"136\">Solare Termico<\/td>\n<td valign=\"TOP\" width=\"87\">\n<p align=\"RIGHT\">0,26<\/p>\n<\/td>\n<td valign=\"TOP\" width=\"81\">\n<p align=\"RIGHT\">0,38<\/p>\n<\/td>\n<td valign=\"TOP\" width=\"127\">\n<p align=\"RIGHT\">4,00<\/p>\n<\/td>\n<\/tr>\n<tr>\n<td valign=\"TOP\" width=\"136\">Totale fonti rinnovabili<\/td>\n<td valign=\"TOP\" width=\"87\">\n<p align=\"RIGHT\">72,70<\/p>\n<\/td>\n<td valign=\"TOP\" width=\"81\">\n<p align=\"RIGHT\">81,3<\/p>\n<\/td>\n<td valign=\"TOP\" width=\"127\">\n<p align=\"RIGHT\">180,16<\/p>\n<\/td>\n<\/tr>\n<tr>\n<td valign=\"TOP\" width=\"136\">Totale consumo lordo di energia primaria<\/td>\n<td valign=\"TOP\" width=\"87\">\n<p align=\"RIGHT\">1.366<\/p>\n<\/td>\n<td valign=\"TOP\" width=\"81\">\n<p align=\"RIGHT\">1.460<\/p>\n<\/td>\n<td valign=\"TOP\" width=\"127\">\n<p align=\"RIGHT\">1.581<\/p>\n<\/td>\n<\/tr>\n<tr>\n<td valign=\"TOP\" width=\"136\">Quota da rinnovabili<\/td>\n<td valign=\"TOP\" width=\"87\">\n<p align=\"RIGHT\">5,3%<\/p>\n<\/td>\n<td valign=\"TOP\" width=\"81\">\n<p align=\"RIGHT\">5,6%<\/p>\n<\/td>\n<td valign=\"TOP\" width=\"127\">\n<p align=\"RIGHT\">11,40%<\/p>\n<\/td>\n<\/tr>\n<\/tbody>\n<\/table>\n<p>Come si desume dalla tabella 2, la situazione \u00e8 leggermente pi\u00f9 favorevole per la produzione di elettricit\u00e0 da fonte rinnovabile con una quota del 14,4% nel 2000 sulla produzione totale (+ 0,7% rispetto al &#8217;95). Un eventuale mantenimento dei consumi energetici a livello del 1995 avrebbe permesso di raggiungere il 15,8% nel 2000.<\/p>\n<p><em>Tabella 2 &#8211; Produzione di energia elettrica da fonti rinnovabili nell&#8217;UE (in TWh)<\/em><\/p>\n<table>\n<tbody>\n<tr>\n<td valign=\"TOP\" width=\"149\">\n<p align=\"CENTER\"><strong>Fonti rinnovabili<\/strong><\/p>\n<\/td>\n<td valign=\"TOP\" width=\"77\">\n<p align=\"CENTER\"><strong>Produzione 1995<\/strong><\/p>\n<\/td>\n<td valign=\"TOP\" width=\"99\">\n<p align=\"CENTER\"><strong>Produzione 2000<\/strong><\/p>\n<\/td>\n<td valign=\"TOP\" width=\"111\">\n<p align=\"CENTER\"><strong>Obiettivi Libro bianco (2010)<\/strong><\/p>\n<\/td>\n<\/tr>\n<tr>\n<td valign=\"TOP\" width=\"149\">Eolico<\/td>\n<td valign=\"TOP\" width=\"77\">\n<p align=\"RIGHT\">4<\/p>\n<\/td>\n<td valign=\"TOP\" width=\"99\">\n<p align=\"RIGHT\">21,3<\/p>\n<\/td>\n<td valign=\"TOP\" width=\"111\">\n<p align=\"RIGHT\">80<\/p>\n<\/td>\n<\/tr>\n<tr>\n<td valign=\"TOP\" width=\"149\">Idroelettrico su larga scala<\/td>\n<td valign=\"TOP\" width=\"77\">\n<p align=\"RIGHT\">251<\/p>\n<\/td>\n<td valign=\"TOP\" width=\"99\">\n<p align=\"RIGHT\">274<\/p>\n<\/td>\n<td valign=\"TOP\" width=\"111\">\n<p align=\"RIGHT\">280<\/p>\n<\/td>\n<\/tr>\n<tr>\n<td valign=\"TOP\" width=\"149\">Idroelettrico su piccola scala ( &lt; 10 MW)<\/td>\n<td valign=\"TOP\" width=\"77\">\n<p align=\"RIGHT\">37<\/p>\n<\/td>\n<td valign=\"TOP\" width=\"99\">\n<p align=\"RIGHT\">40<\/p>\n<\/td>\n<td valign=\"TOP\" width=\"111\">\n<p align=\"RIGHT\">55<\/p>\n<\/td>\n<\/tr>\n<tr>\n<td valign=\"TOP\" width=\"149\">Fotovoltaico<\/td>\n<td valign=\"TOP\" width=\"77\">\n<p align=\"RIGHT\">0,03<\/p>\n<\/td>\n<td valign=\"TOP\" width=\"99\">\n<p align=\"RIGHT\">0,13<\/p>\n<\/td>\n<td valign=\"TOP\" width=\"111\">\n<p align=\"RIGHT\">3<\/p>\n<\/td>\n<\/tr>\n<tr>\n<td valign=\"TOP\" width=\"149\">Biomasse<\/td>\n<td valign=\"TOP\" width=\"77\">\n<p align=\"RIGHT\">22,5<\/p>\n<\/td>\n<td valign=\"TOP\" width=\"99\">\n<p align=\"RIGHT\">28,1<\/p>\n<\/td>\n<td valign=\"TOP\" width=\"111\">\n<p align=\"RIGHT\">230<\/p>\n<\/td>\n<\/tr>\n<tr>\n<td valign=\"TOP\" width=\"149\">Geotermia<\/td>\n<td valign=\"TOP\" width=\"77\">\n<p align=\"RIGHT\">3,5<\/p>\n<\/td>\n<td valign=\"TOP\" width=\"99\">\n<p align=\"RIGHT\">4,8<\/p>\n<\/td>\n<td valign=\"TOP\" width=\"111\">\n<p align=\"RIGHT\">7<\/p>\n<\/td>\n<\/tr>\n<tr>\n<td valign=\"TOP\" width=\"149\">Totale produzione elettricit\u00e0 da rinnovabili<\/td>\n<td valign=\"TOP\" width=\"77\">\n<p align=\"RIGHT\">318<\/p>\n<\/td>\n<td valign=\"TOP\" width=\"99\">\n<p align=\"RIGHT\">368,3<\/p>\n<\/td>\n<td valign=\"TOP\" width=\"111\">\n<p align=\"RIGHT\">655<\/p>\n<\/td>\n<\/tr>\n<tr>\n<td valign=\"TOP\" width=\"149\">Totale produzione elettricit\u00e0 UE<\/td>\n<td valign=\"TOP\" width=\"77\">\n<p align=\"RIGHT\">2.327,6<\/p>\n<\/td>\n<td valign=\"TOP\" width=\"99\">\n<p align=\"RIGHT\">2.559,8<\/p>\n<\/td>\n<td valign=\"TOP\" width=\"111\">\n<p align=\"RIGHT\">2.850<\/p>\n<\/td>\n<\/tr>\n<tr>\n<td valign=\"TOP\" width=\"149\">Quota da rinnovabili<\/td>\n<td valign=\"TOP\" width=\"77\">\n<p align=\"RIGHT\">13,7%<\/p>\n<\/td>\n<td valign=\"TOP\" width=\"99\">\n<p align=\"RIGHT\">14,4%<\/p>\n<\/td>\n<td valign=\"TOP\" width=\"111\">\n<p align=\"RIGHT\">23%*<\/p>\n<\/td>\n<\/tr>\n<\/tbody>\n<\/table>\n<p>La valutazione conclusiva degli autori del rapporto \u00e8 che non va perso di vista il fatto che le energie rinnovabili non riusciranno a risolvere con successo le sfide ambientali del XXI\u00b0 secolo se la loro crescita non verr\u00e0 accompagnata da una politica di rigido controllo dei consumi di energia.<\/p>\n<p>Fonte: Sist\u00e8me Solaire, n. 148 (marzo-aprile)<\/p>\n<p>Nota: Il rapporto &#8220;Barom\u00e8tre Bilan&#8221; \u00e8 stato realizzato da Observ&#8217;ER nel quadro del progetto &#8220;EurObserv&#8217;ER&#8221; che, oltre a Observ&#8217;ER, raggruppa i seguenti partner: Eurec Agency, Eurofores e O.\u00f6. EnergieSparverband, con il sostegno finanziario di Ademe e la DG Tren (Programma Altener).<\/p>\n<h4>ALCUNI EVENTI SUNDAY 2002 IN ITALIA<\/h4>\n<p>La giornata europea per la promozione dell&#8217;energia solare<\/p>\n<p>SUNDAY A TERNI<br \/>\nSabato 22 giugno 2002 (Palazzo Gazzoli e Piazza Europa)<\/p>\n<p>La giornata del SunDay a Terni, organizzata per iniziativa della societ\u00e0 Iso-Lab, con il patrocinio della Regione Umbria, della Provincia e del Comune di Terni, vedr\u00e0 la partecipazione di AGESA, Camera di Commercio di Terni, CNA, Confartigianato, Universit\u00e0 dell&#8217;Aquila, Idrosolart, Enersol e Team Futura. Il programma prevede nel corso della mattina, a Palazzo Gazzoli, un convegno sull&#8217;energia solare in cui si tratteranno le tematiche riguardanti i consumi energetici e la necessit\u00e0 di sviluppare le fonti rinnovabili, si illustreranno brevemente le tecnologie solari, alcune applicazioni, i programmi di incentivazione; si concluder\u00e0 con uno sguardo ai veicoli elettrosolari. Nel pomeriggio, in Piazza Europa, sar\u00e0 predisposta un&#8217;area espositiva nella quale verranno mostrati moduli ed impianti fotovoltaici e solari termici. Operatori del settore dell&#8217;energia solare forniranno ai cittadini chiarimenti ed informazioni sulle tecnologie. Verranno esposti alcuni veicoli elettrosolari di produzione italiana, come Futura del team Futura e Solaria dell&#8217;Universit\u00e0 dell&#8217;Aquila, con percorsi dimostrativi per le strade di Terni.<\/p>\n<p>Per informazioni: Ing. Luca Candio (ISO-LAB)<br \/>\ntel. 0744 431000 &#8211; e-mail: isolab@isolab.it<\/p>\n<p>SUNDAY ALLE BIBLIOTECHE DI ROMA<br \/>\nVenerd\u00ec 21 giugno 2002 &#8211; Biblioteca Borromeo<br \/>\nSabato 22 giugno 2002 &#8211; Biblioteca Rodari<\/p>\n<p>Anche per questa edizione SunDay 2002, l&#8217;istituzione delle &#8220;Biblioteche di Roma&#8221; organizza un evento per avvicinare i cittadini alla cultura delle fonti rinnovabili dal titolo &#8220;Sensibili al Sole&#8221;. Per la giornata di venerd\u00ec 21 giugno presso la Biblioteca Borromeo (Via F. Borromeo, 67 &#8211; Roma) \u00e8 previsto, alle ore 10, un seminario al quale prenderanno parte esperti e rappresentanti di istituzioni ed organizzazioni operanti nel settore dell&#8217;energia e dell&#8217;ambiente (Legambiente, ENEA, Assessorato all&#8217;Ambiente del Comune di Roma, Agenzia RomaEnergia, Eurosolar Italia). Alle 13 verr\u00e0 inaugurato un &#8220;Orologio Solare&#8221; realizzato, con la consulenza di Lucia Corbo dell&#8217;Unione Astrofili Italiani, dagli studenti dell&#8217;ITIS &#8220;E. Fermi&#8221;. Inoltre, sar\u00e0 fornita una dimostrazione pratica di un prototipo di forno solare realizzato dagli studenti dell&#8217;ITIS &#8220;E. Fermi&#8221; sotto la guida del prof. Claudio Anelli nell&#8217;ambito del progetto &#8220;Aula Verde&#8221; (laboratorio F.A.S.E. di Fisica Ambientale). Per la giornata di sabato 22 giugno, presso la Biblioteca Rodari (Via Olcese, 28 &#8211; Roma), avr\u00e0 luogo, alle ore 10, una Tavola rotonda sul tema &#8220;Energia solare e territorio sostenibile&#8221;. Il Presidente del &#8220;Municipio Roma 7&#8221; presenter\u00e0 il Centro di Educazione Ambientale che verr\u00e0 attivato dall&#8217;autunno prossimo nei locali che ospitano la Biblioteca. A disposizione dei presenti alle 2 giornate una &#8220;Bibliografia essenziale sulle Energie Rinnovabili&#8221; a cura delle Biblioteche di Roma e vario materiale informativo. Una show-room dar\u00e0 modo a studenti, insegnanti e cultori della materia di presentare esperienze e prototipi tecnologici, informatici, elettronici.<\/p>\n<p>Per informazioni: Ennio De Risio &#8211; Biblioteca Borromeo<br \/>\ntel. 06 61660193 &#8211; biblioteca.borromeo@comune.roma.it<br \/>\nPiera Costantino &#8211; Biblioteca Rodari &#8211; tel. 06 2310587<\/p>\n<p>SUNDAY 2002 A MODENA<br \/>\nDomenica 23 giugno 2002 (Parco Amendola Sud)<\/p>\n<p>L&#8217;Agenzia per l&#8217;Energia e lo Sviluppo Sostenibile (AESS) di Modena organizza per domenica 23 giugno il SunDay 2002. L&#8217;evento, organizzato in collaborazione con il Comune di Modena nell&#8217;ambito dell&#8217;iniziativa &#8220;Domeniche ecologiche&#8221; e con la partecipazione del Ministero dell&#8217;Ambiente, si svolger\u00e0 al Parco Amendola Sud, presso l&#8217;area della casa colonica di Via Panni. Nel corso della manifestazione (ore 10-18) sono previste varie iniziative: esposizione di sistemi di produzione di energia solare e di altri dispositivi per il risparmio energetico; presentazione, con possibilit\u00e0 di prova, di mezzi ecologici; un net point; mostra itinerante di didattica ambientale &#8220;MIDA&#8221;. Alle 11, presso la Casa Colonica di Via Panni, \u00e8 previsto un incontro, aperto a tutti i cittadini, con gli operatori del settore avente per tema &#8220;L&#8217;energia solare e le altre fonti energetiche rinnovabili&#8221;. Sono inoltre in programma intrattenimenti vari per adulti e per bambini.<\/p>\n<p>Per informazioni: Agenzia per l&#8217;Energia e lo Sviluppo Sostenibile di Modena<br \/>\ntel. 059\/407122 &#8211; e-mail: agenzia.energia@comune.mo.it<\/p>\n<h4>ISES ORGANIZZA A ROMA LA 1A &#8220;SUMMER ACADEMY FOR MEDITERRANEAN SOLAR ARCHITECTURE&#8221; (29 LUGLIO-10 AGOSTO)<\/h4>\n<p>Da anni ISES International \u00e8 impegnata nel diffondere un nuovo modo di progettare l&#8217;ambiente costruito mirato ad un uso pi\u00f9 consapevole delle risorse naturali e basato sull&#8217;utilizzo razionale dell&#8217;energia. Per divulgare le possibili applicazioni delle tecnologie e delle strategie solari in architettura sono state avviate iniziative di fomazione, rivolte soprattutto a professionisti, come la &#8220;Summer Academy for Solar Architecture&#8221;, di cui si sono gi\u00e0 svolte in Germania numerose edizioni. Quest&#8217;anno l&#8217;Accademia si terr\u00e0 per la prima volta in Italia e sar\u00e0 dedicata ad una regione specifica, quella Mediterranea.<\/p>\n<p>La &#8220;Summer Academy for Mediterranean Solar Architecture &#8211; SAMSA&#8221; (Accademia Estiva di Architettura Solare Mediterranea) ha quindi l&#8217;obiettivo di promuovere l&#8217;utilizzo delle tecnologie solari in edilizia e l&#8217;applicazione di strategie progettuali mirate a sfruttare le risorse energetiche presenti sul territorio mediterraneo, ispirandosi alla tradizione architettonica locale, nella ricerca di un nuovo linguaggio compositivo sostenibile per l&#8217;ambiente. Parteciperanno in qualit\u00e0 di docenti alcuni dei maggiori esperti del settore, tra cui Mario Cucinella (Italia), Matheos Santamouris (Grecia), Jaime Lopez de Asiain (Spagna), Gilles Perraudin (Francia), Stephan Behnisch (Germania) e Brian Ford (Regno Unito). Parallelamente all&#8217;Accademia si svolger\u00e0 una mostra sulle tecnologie solari e sono previste visite guidate ad edifici solari contemporanei e ad esempi di architettura solare dell&#8217;antica Roma. Saranno ammessi 80 partecipanti tra architetti, ingegneri e studenti universitari iscritti all&#8217;ultimo anno provenienti da tutto il mondo. La lingua ufficiale sar\u00e0 l&#8217;inglese. Il costo d&#8217;iscrizione \u00e8 di 1.100 Euro per i professionisti e\u00a0 550 Euro per gli studenti (10% di sconto per i Soci ISES). Nel costo sono inclusi il materiale didattico, i pranzi, i coffee breaks e le visite guidate.<\/p>\n<p>La &#8220;Summer Academy for Mediterranean Solar Architecture&#8221; si terr\u00e0 a Roma dal 29 luglio al 10 agosto 2002 presso la Facolt\u00e0 di Architettura dell&#8217;Universit\u00e0 degli Studi di Roma Tre.<\/p>\n<p>\u00c8 organizzata dall&#8217;International Solar Energy Society (ISES), da ISES ITALIA, dalla stessa Universit\u00e0 di Roma, da Observ&#8217;ER (Observatoire des Energie Renouvables) di Parigi e dall&#8217;Universit\u00e0 di Louvain, nell&#8217;ambito del Programma Europeo ALTENER.<\/p>\n<p>Per informazioni ed iscrizioni: International Solar Energy Society<br \/>\nwww.ises.org<br \/>\nMrs. Maryke Van Staden: e-mail: mvanstaden@ises.org<\/p>\n<h4>BANDO 2002 PER IL COFINANZIAMENTO DI PROGRAMMI PER L&#8217;ATTUAZIONE DELLE AGENDE 21 LOCALI<\/h4>\n<p>Da diversi anni il Ministero dell&#8217;Ambiente incentiva gli Enti locali nell&#8217;attuare politiche di sviluppo sostenibile con specifiche azioni di sostegno: il &#8220;Premio Citt\u00e0 Sostenibili dei Bambini e delle Bambine&#8221; (alla IVa edizione), il &#8220;Premio Citt\u00e0 Sostenibili&#8221; (alla IIa edizione), il finanziamento della Newsletter dell&#8217;Associazione Agende 21 Locali (www.a21italy.it), il Bando 2000 per il cofinanziamento dei processi di Agenda 21 Locale.<\/p>\n<p>Con il bando del 18\/12\/2000 il Ministero ha sostenuto economicamente gli Enti locali nell&#8217;attuare processi di Agenda 21 Locale. La risposta al bando di cofinanziamento ha superato ogni aspettativa: sono pervenuti al Ministero 709 progetti, di cui 548 risultati idonei. Le risorse messe a disposizione, 12,9 milioni di euro, hanno consentito il cofinanziamento delle prime 111 proposte progettuali. Il successo del Bando 2000 ha indotto l&#8217;amministrazione a replicare l&#8217;esperienza per il 2002, anche in vista del Vertice sullo sviluppo sostenibile di Johannesburg del prossimo settembre. Il secondo bando di cofinanziamento \u00e8 gi\u00e0 stato impostato e, allo stato attuale, le risorse disponibili sono solamente di 2,6 milioni di euro, ma si ritiene di poter contare su altri fondi provenienti dall&#8217;art.109 della legge finanziaria dello scorso anno, che prevede l&#8217;istituzione di un apposito fondo le cui risorse sono prioritariamente destinate al finanziamento di misure ed interventi per lo sviluppo sostenibile, con un riferimento esplicito alla promozione dei processi di Agenda 21 Locale.<\/p>\n<p>Il Ministero ha avviato le procedure per l&#8217;utilizzo dello stanziamento 2001, con l&#8217;invio al CIPE della proposta di programma annuale. Lo stanziamento relativo \u00e8 quantificato in 10,3 milioni di euro, che sommati ai fondi gi\u00e0 disponibili, consentirebbero di disporre delle stesse risorse investite nel primo bando. \u00c8 stato avviato intanto il processo di consultazione sul Bando e sulle Linee Guida (documenti gi\u00e0 predisposti in bozza) ed \u00e8 anche aperto un Forum di discussione che raccoglier\u00e0 commenti, integrazioni e suggerimenti delle parti interessate (va rilevato che nel bando mancano riferimenti espliciti alle fonti rinnovabili). Presso il Ministero \u00e8 attivo un gruppo di lavoro con lo scopo di analizzare l&#8217;evoluzione dei 111 progetti gi\u00e0 cofinanziati, alternando alla verifica amministrativo-contabile delle attivit\u00e0 svolte un monitoraggio tecnico delle stesse. Si sta provvedendo all&#8217;ampliamento delle pagine web dedicate all&#8217;Agenda 21 Locale, dove verranno pubblicati le sintesi di ogni progetto ammesso a finanziamento.<\/p>\n<p>Per informazioni: Ministero dell&#8217;Ambiente e della Tutela del Territorio (Gruppo di Lavoro Agenda 21 Locale)<br \/>\ne-mail: infoagenda21@svs.minambiente.it www.minambiente.it\/SVS\/agenda21\/agenda.htm<\/p>\n<p>COMUNIT\u00c0 LOCALI A ENERGIA SOLARE<\/p>\n<h4>PROGRAMMA DI SOLARIZZAZIONE A MONSANO: PROGETTO PILOTA PER LA PROVINCIA DI ANCONA<\/h4>\n<p>Il Comune di Monsano, in provincia di Ancona, ha lanciato un programma di promozione dell&#8217;energia solare con la parola d&#8217;ordine &#8220;un pannello solare per ogni tetto&#8221;. Il Comune conta 2.800 residenti per circa 900 famiglie e su circa un migliaio di abitazioni si prevede che verranno installati collettori solari termici per la produzione dell&#8217;acqua calda sanitaria. Si tratta di un primo passo verso la completa &#8220;solarizzazione&#8221; di tutto il territorio comunale, che nella Vallesina gi\u00e0 si distingue per i comportamenti &#8220;ecologicamente corretti&#8221;: le auto ed i trattori agricoli sono alimentati da biodiesel derivato dall&#8217;olio di colza e l&#8217;illuminazione stradale \u00e8 effettuata con lampioni fotovoltaici.<\/p>\n<p>L&#8217;idea di &#8220;solarizzare&#8221; un intero paese, promossa dall&#8217;Amministrazione comunale, dalla Cooperativa MonsanoInforma e dall&#8217;Agenzia per il Risparmio Energetico di Ancona, ha trovato l&#8217;appoggio della Provincia di Ancona che ha finanziato con 20.000 Euro lo studio di fattibilit\u00e0 tecnico-economica dell&#8217;iniziativa e la campagna di sensibilizzazione nei confronti della popolazione e degli installatori.<\/p>\n<p>La Provincia ha adottato l&#8217;iniziativa quale progetto pilota per la diffusione della tecnologia solare ad integrazione della produzione di acqua calda e calore nell&#8217;edilizia residenziale del territorio di propria competenza. Il progetto \u00e8 stato acquisito anche dalla rete italiana delle Agenzie per il Risparmio Energetico finanziate dal programma comunitario &#8220;Save&#8221;, come un esperimento che potr\u00e0 avere una valenza su tutto il territorio nazionale. L&#8217;acquisto dei pannelli sar\u00e0 a carico delle famiglie che potranno accedere a mutui agevolati della Banca delle Marche, oltre ad usufruire della prevista detrazione del 36% dalla dichiarazione IRPEF. Un ulteriore abbattimento dei costi sar\u00e0 reso possibile grazie alla formula, gi\u00e0 sperimentata dai residenti, della cosiddetta &#8220;consociazione degli acquisti&#8221;: come avvenne lo scorso anno per l&#8217;iniziativa monsanese &#8220;un PC in ogni famiglia&#8221;, tenuta a battesimo dal Premio Nobel Dario Fo, anche per i pannelli solari le famiglie si costituiranno come un gruppo di acquisto per orientarsi sul mercato verso le migliori offerte in termini di rapporto qualit\u00e0-prezzo.<\/p>\n<p>L&#8217;Agenzia per il Risparmio Energetico ipotizza una spesa media a carico delle famiglie pari a 1.824 Euro compresa IVA del 10%, che potr\u00e0 essere ammortizzata nel giro di pochi anni grazie al risparmio di energia consentito dalla interessante disponibilit\u00e0 di insolazione registrata nelle Marche: 5,5 MJ per m2 al giorno in gennaio e 23,5 MJ in luglio.<\/p>\n<p>Per informazioni: Comune di Monsano (AN) www.provincia.ancona.it\/comuni\/monsano\/default.htm<br \/>\nCooperativa MonsanoInforma &#8211; www.villaggiotelematico.it<\/p>\n<h4>ENERGIA &#8220;VERDE&#8221; PER CUTIGLIANO (PT). SI INIZIA CON L&#8217;EOLICO<\/h4>\n<p>In un piccolo comune della Montagna Pistoiese \u00e8 pronto a partire un progetto per la realizzazione di un campo eolico promosso dall&#8217;amministrazione locale che intende cos\u00ec coniugare la produzione di energia elettrica con una corretta gestione del territorio, valorizzando le risorse locali e compiendo un primo passo verso l&#8217;autosufficienza e la sostenibilit\u00e0 energetica.<\/p>\n<p>Il progetto, esposto in occasione dell&#8217;incontro tenutosi lo scorso 6 maggio a Firenze su &#8220;Le Fonti Rinnovabili in Toscana. Lo Sviluppo dell&#8217;Eolico&#8221;, mira ad alimentare il Comune di Cutigliano (PT) esclusivamente con energia prodotta da fonti rinnovabili attraverso la realizzazione del parco eolico &#8220;La Doganaccia&#8221; (sono allo studio altri due progetti per l&#8217;idroelettrico ed una proposta per le biomasse). Il sito eolico, costituito da 9 turbine da 1.500 kW per un totale di 13,5 MW, produrr\u00e0 circa 40 milioni di kWh\/anno, di cui 10 milioni saranno consumati dal Comune, mentre i restanti verranno venduti ad un Consorzio di 21 Comuni, alcuni anche dell&#8217;Emilia Romagna, appositamente costituito. Numerosi sono i benefici che deriverebbero dal progetto. A parte il contributo che Cutigliano darebbe alla lotta all&#8217;inquinamento ed all&#8217;effetto serra, il Comune del pistoiese si renderebbe energeticamente indipendente ottenendo un notevole risparmio per l&#8217;economia locale, nuovi posti di lavoro e un&#8217;opportunit\u00e0 di sviluppo del &#8220;turismo ecologico&#8221;.<\/p>\n<p>Ideatore e realizzatore del progetto \u00e8 la Italbrevetti, societ\u00e0 che fa parte di Idreg Piemonte, gruppo nazionale attivo nel settore della produzione di energia da fonti rinnovabili. Secondo la strategia della Italbrevetti, lavorare in stretta collaborazione con le Autorit\u00e0 locali pu\u00f2 permettere di superare la prevenzione di parte della popolazione verso questo tipo di installazioni, spesso ritenute poco consone dal punto di vista paesaggistico.<\/p>\n<p>Il progetto \u00e8 stato gi\u00e0 stato presentato alla Sovraintendenza ai Beni Ambientali della Regione Toscana al fine di valutare il suo impatto ambientale ed individuare eventuali accorgimenti per minimizzarne gli effetti negativi. Si ritiene che, una volta superata la VIA, il progetto potr\u00e0 essere approvato entro il prossimo autunno. L&#8217;inizio della realizzazione \u00e8 previsto per la primavera del 2003.<\/p>\n<p>Fonte: Staffetta Quotidiana (18 maggio 2002)<\/p>\n<h4>FINANZIAMENTI REGIONALI PER LE RINNOVABILI<\/h4>\n<p><strong>PROVINCIA AUTONOMA DI TRENTO<\/strong><\/p>\n<p>La legge provinciale n. 14\/1980 e successive modifiche, attualmente in vigore, prevede contributi per tutte le fonti rinnovabili. Le opportunit\u00e0 di finanziamento sono sempre aperte. Particolarmente interessanti i contributi per impianti alimentati da biomasse e per impianti solari (consultare il documento &#8220;delibera dei criteri&#8221;). Per quanto riguarda il programma &#8220;Tetti Fotovoltaici&#8221; i fondi stanziati dal Ministero Ambiente sono stati assimilati ai pi\u00f9 cospicui fondi provinciali. I destinatari sono tutti i soggetti pubblici e privati.<br \/>\nPer informazioni: www.provincia.tn.it\/energia\/risparmio\/risparmio.htm<\/p>\n<p>VALLE D&#8217;AOSTA<\/p>\n<p>La legge regionale n. 43\/1998, attualmente in vigore, prevede finanziamenti per impianti ad energia rinnovabile. Si concede un contributo a fondo perduto, con percentuale diversa a seconda della tecnologia, a tutti i soggetti pubblici e privati richiedenti. La stessa legge disciplina il programma &#8220;Tetti Fotovoltaici&#8221;. La Valle d&#8217;Aosta ha assimilato i fondi ministeriali a quelli regionali preesistenti, ma, al momento, \u00e8 arrivata una sola richiesta di contributo.<br \/>\nPer informazioni: Regione Val d&#8217;Aosta (Assessorato Industria, Artigianato ed Energia &#8211; Direzione Energia) &#8211; tel. 0165 274731<\/p>\n<p>FRIULI VENEZIA GIULIA<\/p>\n<p>L&#8217;articolo 8 della legge regionale n. 4 del 15 febbraio 1999 prevede interventi per le imprese finalizzati al risparmio energetico mediante: a) utilizzo di fonti rinnovabili; b) migliore rendimento di macchine e apparecchiature; c) sostituzione di idrocarburi con altri combustibili. Le imprese industriali di ogni dimensione possono richiedere un contributo in conto capitale sulla spesa ammessa (fino al 25% per le P.M.I. e fino al 15% per le altre imprese). Le domande vanno presentate entro il 31 gennaio di ogni anno.<br \/>\nPer informazioni: www.regione.fvg.it\/industria\/industria.htm<\/p>\n<p>TOSCANA<\/p>\n<p>Il Parco Progetti costituisce uno strumento per l&#8217;attuazione del Piano Energetico Regionale e prevede finanziamenti per impianti a fonti rinnovabili. Il Parco Progetti \u00e8 anche in grado di agevolare la presentazione delle domande: il potenziale beneficiario, infatti, chiede di aprire un tavolo di discussione con la Regione che, a sua volta, invita i soggetti coinvolti nell&#8217;iter autorizzativo; se il progetto \u00e8 fattibile si procede quindi al finanziamento, la cui quota di contributo e la cui modalit\u00e0 di erogazione sono decise a seconda del tipo di impianto e della potenza. Tutte le procedure sono descritte nel Piano Energetico Regionale.<br \/>\nPer informazioni: Dr. Flaviano Perini (Regione Toscana &#8211; Area Energia) &#8211; tel. 055 4384375-09<\/p>\n<p>CALABRIA<\/p>\n<p>Entro la fine di giugno usciranno contemporaneamente in tutte le Province i bandi per l&#8217;assegnazione di contributi per impianti alimentati a energia rinnovabile. Il programma di diffusione delle rinnovabili rientra nel P.O.R. (Piano Operativo Regionale) e sar\u00e0 quindi finanziato con i fondi strutturali. Aperto a tutti i soggetti pubblici e privati, il programma prevede contributi in conto capitale e a fondo perduto: il 75% per impianti fotovoltaici, il 30% per il solare termico, il 40% per le pompe di calore e ulteriori contributi per altre fonti e per tutti gli interventi di risparmio energetico. I bandi saranno pubblicati su Bollettino Ufficiale Regionale e sul sito internet della Regione.<br \/>\nPer informazioni: www.regione.calabria.it<\/p>\n<p>PUGLIA<\/p>\n<p>La Regione dispone di fondi strutturali con i quali si erogano contributi per la realizzazione di impianti a fonti rinnovabili. I soggetti destinatari sono le imprese produttrici di energia elettrica da eolico, fotovoltaico e biomasse. Il P.O.R. 2000-2006 prevede e disciplina l&#8217;erogazione dei fondi strutturali (misura 1.9), ma in virt\u00f9 di una convenzione con il Ministero delle Attivit\u00e0 Produttive, questo, attraverso il decreto ministeriale del 6 novembre 2001 (G.U. 19\/11\/01) stabilisce il termine iniziale per presentare domande di agevolazione, di cui alla legge 488\/92. Il termine finale sar\u00e0 stabilito con successivo decreto. Le imprese interessate ad accedere ai fondi strutturali della Puglia devono quindi seguire le procedure del decreto e del conseguente bando ministeriale; poi lo stesso Ministero valuter\u00e0 i progetti da finanziare e li indirizzer\u00e0 alla Regione.<br \/>\nPer informazioni: Ing. Felice Decemvirale (Regione Puglia &#8211; Servizio Energia) &#8211; tel. 080 5403557<\/p>\n<h4>NEWS<\/h4>\n<p><strong>&#8220;VENTO E SOLE&#8221; PER CHIMEL, IL PAESE DEL PREMIO NOBEL RIGOBERTA MENCHU&#8217;<\/strong><\/p>\n<p>Nel mese di aprile si \u00e8 costituito il comitato &#8220;Vento e Sole&#8221; con l&#8217;obiettivo di promuovere una concreta iniziativa finalizzata all&#8217;adozione di sistemi energetici alternativi nei Paesi in via di sviluppo. Il comitato ha gi\u00e0 avviato la raccolta di fondi per la realizzazione di sistemi eolici e solari presso un piccolo villaggio non elettrificato nel nord ovest del Guatemala. Si tratta di Chimel, il paese natale di Rigoberta Mench\u00f9, la donna che nel 1992 ha ricevuto il Premio Nobel per la pace per il suo impegno nella difesa dei popoli indigeni del pianeta. Hanno aderito al comitato l&#8217;attore Raoul Bova, il giornalista Gianni Min\u00e0, il regista Michele Soavi, il capitano Ultimo (il carabiniere che arrest\u00f2 Tot\u00f2 Riina), mentre Enel Green Power, societ\u00e0 del gruppo Enel per il settore delle rinnovabili, si \u00e8 impegnata a sostenere l&#8217;iniziativa assumendosi la progettazione e la realizzazione degli impianti in collaborazione con la Fundacion Solar locale.<\/p>\n<p>Il progetto intende fornire al villaggio di Chimel, composto da circa 100 famiglie, i fabbisogni energetici fondamentali legati all&#8217;illuminazione, ai servizi medici, sociali, formativi, al pompaggio d&#8217;acqua potabile e a piccole attivit\u00e0 artigianali e produttive. La scelta impiantistica per la generazione dell&#8217;energia elettrica si basa su un sistema composto da: una macchina eolica di piccola taglia (15-20 kW); un campo solare fotovoltaico della potenza di picco di 2 kW; un sistema di accumulo a batterie; un generatore diesel d&#8217;emergenza. Questo sistema sar\u00e0 in grado di produrre dai 20.000 ai 30.000 kWh\/anno di energia elettrica, sufficienti a coprire i fabbisogni collettivi della comunit\u00e0, e potr\u00e0 essere successivamente ampliato, fino a coprire anche i fabbisogni &#8220;privati&#8221; delle 100 utenze domestiche.<\/p>\n<p>Il progetto di &#8220;Vento e Sole&#8221; \u00e8 stato inserito tra i beneficiari della &#8220;Partita del Cuore&#8221;, l&#8217;incontro calcistico tra la nazionale cantanti e quella dei giornalisti TV tenutosi il 20 maggio allo stadio di Reggio Calabria. Parte dei fondi raccolti con questa iniziativa sar\u00e0 quindi devoluta a coprire le spese per l&#8217;elettrificazione &#8220;solare&#8221; del villaggio di Chimel.<\/p>\n<p>Per informazioni: Comitato &#8220;Vento e Sole&#8221; &#8211; www.capitanoultimo.it<\/p>\n<p><strong>IL GRUPPO PIRELLI INVESTE NELLA RICERCA PER IL SETTORE DELL&#8217;ENERGIA PULITA<\/strong><br \/>\nPirelli Labs, il polo di eccellenza tecnologica del Gruppo Pirelli, ha siglato due partnership con centri di ricerca italiani e stranieri per lo studio di nuovi materiali e componenti per celle fotovoltaiche (FV) e celle a combustibile, con l&#8217;obiettivo di costituire un avanzato centro di competenza per l&#8217;energia &#8220;pulita&#8221;. Entrambi gli accordi, nell&#8217;ambito dei quali \u00e8 previsto un investimento complessivo di 3 milioni di Euro per il prossimo triennio, vedranno coinvolta la divisione Materials Innovation dei Pirelli Labs, dedicata allo studio di tecnologie e materiali innovativi per tutto il Gruppo, che intende diventare un centro di competenza per la ricerca in un mercato il cui valore si stima che ammonter\u00e0 a 60 miliardi di Euro nei prossimi 10 anni.<\/p>\n<p>La prima partnership per la quale \u00e8 stato stanziato un investimento di circa 1 milione di Euro, \u00e8 stata siglata fra i Pirelli Labs e l&#8217;Istituto per lo Studio di Materiali Nanostrutturati (ISMN) del CNR di Bologna, il Consorzio Interuniversitario Nazionale per la Scienza e Tecnologia dei Materiali (INSTM) &#8211; UdR di Padova e lo Ioffe Institute di San Pietroburgo. In base a questo accordo, verranno sviluppate congiuntamente celle FV a stato solido basate su materiali nanostrutturati decorati, destinate a rappresentare la tecnologia del futuro, in grado di ridurre significativamente il costo dell&#8217;energia prodotta e di migliorarne l&#8217;efficienza, due fattori che sino a oggi hanno frenato la diffusione del FV.<\/p>\n<p>Il secondo accordo coinvolge, oltre ai Pirelli Labs, l&#8217;Istituto Tecnologie Avanzate per l&#8217;Energia (ITAE) del CNR di Messina e l&#8217;Institute of High Temperature Electrochemistry (IHTE) dell&#8217;Accademia Russa delle Scienze di Ekaterinburg, negli Urali centrali. La partnership, per la quale sono stati investiti circa 2 milioni di Euro, punta a sviluppare nuove tecnologie nel campo delle celle a combustibile: in particolare, i Pirelli Labs si occuperanno della fase di studio e di design dei nuovi materiali, l&#8217;IHTE realizzer\u00e0 i componenti e i prototipi che saranno provati dal CNR-ITAE di Messina. In questo campo Pirelli ha gi\u00e0 in corso la brevettazione di alcune innovazioni per applicazioni in celle a combustibile a membrana polimerica e a ossido solido. L&#8217;avvio di queste partnership conferma ulteriormente l&#8217;interesse dei Pirelli Labs nell&#8217;ambito delle tecnologie pulite, come testimoniato anche dal recente accordo con Cam Tecnologie ed Enel Green Power (Ilsolea360gradi, marzo 2002).<\/p>\n<p>Fonte: Ufficio Stampa Pirelli<\/p>\n<p><strong>LA &#8220;SOLARIZZAZIONE&#8221; DELLE STRUTTURE MILITARI IN OLANDA<\/strong><\/p>\n<p>Il Dipartimento della Difesa olandese ha avviato un programma che mira a migliorare l&#8217;efficienza energetica del 9% (rispetto al 1999) coprendo con energia prodotta da fonti rinnovabili il 50% dei consumi nei propri edifici entro il 2004. Attualmente le oltre 150 strutture della Royal Netherlands Army (RNLA) consumano annualmente circa 55 milioni di m3 di gas naturale e 150 GWh di elettricit\u00e0. Per raggiungere gli obiettivi prefissati, la RNLA ha avviato la realizzazione di sistemi ad energia rinnovabile che utilizzano pannelli solari termici, moduli fotovoltaici e turbine eoliche e sta valutando l&#8217;acquisto di &#8220;elettricit\u00e0 verde&#8221; dalle utilities che producono e commercializzano energia prodotta da fonti pulite.<\/p>\n<p>Per sostenere questa iniziativa il Ministero della Difesa ha erogato eco-incentivi, gi\u00e0 previsti dalla politica energetico-ambientale nazionale. Gi\u00e0 nel 2000 il programma olandese per la promozione delle rinnovabili garantiva incentivi al RNLA per installare impianti FV dimostrativi presso le sue strutture. Era stato quindi avviato uno studio di fattibilit\u00e0 che ha individuato oltre 50 strutture idonee alla realizzazione di impianti FV da 2 fino a 10 kWp. Attraverso una gara pubblica, estesa a tutte le aziende europee, i lavori sono stati assegnati alla olandese Stroomwerk Company, societ\u00e0 del settore FV che commercializza ed installa moduli della BP Solar.<\/p>\n<p>Complessivamente sono stati installati 1.000 m2 di moduli FV in silicio amorfo e 600 m2 in silicio policristallino presso 35 edifici dell&#8217;esercito, tra cui l&#8217;Accademia Militare di Breda e le caserme di Havelte, Amersfoort e Den Haag. Gli impianti FV, tutti collegati alla rete elettrica, produrranno 96.000 kWh\/anno, coprendo circa lo 0,08% del consumi energetici degli edifici della RNLA. I costi complessivi del progetto di solarizzazione ammontano a 1,4 milioni di Euro.<\/p>\n<p>Per informazioni: Royal Netherlands Army &#8211; www.mindef.nl<\/p>\n<p><strong>ENERGIA RINNOVABILE PER LE OLIMPIADI DEL 2004 E DEL 2008<\/strong><\/p>\n<p><strong>ENERGIA EOLICA PER ATENE 2004<\/strong><br \/>\nLe autorit\u00e0 energetiche greche prevedono un aumento di circa 60-80 GWh nel fabbisogno di elettricit\u00e0 della sola citt\u00e0 di Atene in occasione dei Giochi Olimpici che la Grecia ospiter\u00e0 nel 2004. L&#8217;associazione nazionale per l&#8217;energia eolica sta promuovendo un progetto secondo il quale il surplus di fabbisogno energetico potrebbe essere coperto grazie all&#8217;installazione di impianti eolici per complessivi 300 MW.<\/p>\n<p><strong>GEOTERMIA PER PECHINO 2008<\/strong><br \/>\nLa societ\u00e0 energetica nazionale islandese ha sottoscritto una speciale joint-venture con il governo cinese per fornire energia pulita da fonte geotermica per alimentare le strutture del villaggio olimpico di Pechino. La Cina, che detiene attualmente il primato mondiale nell&#8217;utilizzo dell&#8217;energia geotermica, ha infatti ottenuto di ospitare i Giochi del 2008 nella sua capitale anche per l&#8217;impegno assunto nella riduzione dell&#8217;inquinamento urbano. Nell&#8217;ambito delle politiche nazionali mirate alla sostenibilit\u00e0 energetico-ambientale, la Cina intende ridurre del 50% le tasse sulla produzione di energia da fonte eolica.<\/p>\n<p><strong>LE INIZIATIVE DELLE ASSOCIAZIONI DI CATEGORIA DEL SOLARE PER FAVORIRE IL DECOLLO DEL MERCATO<\/strong><\/p>\n<p>Nel corso di SOLAREXPO 2002, la Mostra e Convegno dedicata alle energie rinnovabili tenutasi alla Fiera di Verona dal 23 al 26 maggio, le associazioni di categoria dell&#8217;energia solare fotovoltaica (GIFI) e termica (Assolterm) hanno riproposto alcune posizioni ed iniziative per lo sviluppo del settore: la richiesta di intraprendere la strada dell&#8217;incentivo in conto energia per il FV ed il &#8220;Solar Pass&#8221; per i sistemi solari termici.<\/p>\n<p><strong>L&#8217;INDUSTRIA FOTOVOLTAICA ITALIANA CHIEDE DI PASSARE ALL&#8217;INCENTIVO SUL CHILOWATTORA<\/strong><\/p>\n<p>Nel corso delle giornate convegnistiche di SOLAREXPO 2002, l&#8217;industria italiana del FV ha pi\u00f9 volte ribadito l&#8217;importanza di innovare la politica di incentivazione italiana per il settore, passando dall&#8217;attuale sistema di contributi a fondo perduto all&#8217;introduzione di una tariffa che premi l&#8217;energia elettrica pulita prodotta e immessa in rete dai &#8220;tetti solari&#8221;, anche per impianti di piccolissima taglia. Gli operatori italiani del settore fotovoltaico, rappresentati dal Gruppo Imprese Fotovoltaiche Italiane (GIFI), hanno espresso un totale sostegno agli indirizzi in materia di sviluppo del mercato nazionale emersi proprio nel corso dei convegni d&#8217;apertura di SOLAREXPO 2002. Infatti, numerosi sono stati i relatori, intervenuti sia al convegno internazionale &#8220;Giugno 2002: Ratifica del Protocollo di Kyoto: gli impegni dell&#8217;Europa e dell&#8217;Italia per la mitigazione del cambiamento climatico e lo sviluppo delle energie rinnovabili&#8221; che al successivo Forum &#8220;L&#8217;industria italiana di tecnologie per le fonti rinnovabili&#8221;, che hanno sostenuto l&#8217;importanza di adottare misure &#8220;in conto energia&#8221; invece che &#8220;in conto capitale&#8221; per un pi\u00f9 rapido sviluppo del mercato fotovoltaico in Italia, richiamandosi alle esperienze positive condotte da paesi europei come la Germania e la Spagna.<\/p>\n<p>In un suo comunicato stampa, il GIFI ha espresso particolare apprezzamento per l&#8217;intervento di Gianni Vernetti, membro della Commissione Attivit\u00e0 Produttive della Camera che, nel corso dell&#8217;elaborazione del &#8220;Documento Tabacci&#8221; (indagine conoscitiva sull&#8217;energia che costituisce la base per il disegno di legge di riordino della politica energetica nazionale &#8211; scaricabile dal sito di www.solarexpo.com) ha sostenuto, in generale, la necessit\u00e0 di una pi\u00f9 attiva politica di sviluppo delle fonti rinnovabili nel nostro Paese, e in particolare per il solare fotovoltaico, ha proposto l&#8217;adozione del modello di valorizzazione del chilowattora prodotto da tale fonte.<\/p>\n<p>Per informazioni: GIFI (Gruppo Imprese Fotovoltaiche Italiane)<br \/>\ntel. 02 32641 &#8211; www.elettronet.it<\/p>\n<p><strong>ASSOLTERM ANNUNCIA IL &#8220;SOLAR PASS&#8221;: MARCHIO DI GARANZIA PER GLI IMPIANTI SOLARI TERMICI<\/strong><\/p>\n<p>Assolterm, associazione non profit che raggruppa la maggior parte degli operatori del solare termico in Italia, ha presentato il &#8220;Solar Pass&#8221;, un certificato di qualit\u00e0 sia per i materiali, sia per gli installatori del solare termico. Assolterm ritiene che il futuro ed il successo del solare termico in Italia dipendono oltre, che dalla politica governativa, anche dagli operatori del settore e dalla loro correttezza commerciale. A questo fine, nel corso di SOLAREXPO \u00e8 stata promossa l&#8217;istituzione del marchio &#8220;Solar Pass&#8221; con l&#8217;obiettivo di garantire al cliente finale la scelta del fornitore affidabile, il prezzo adeguato, la qualit\u00e0 del prodotto e l&#8217;assistenza tecnica. I soggetti destinatari del marchio sono tutte le aziende italiane che abbiano un&#8217;area d&#8217;intervento almeno a scala regionale e che producano o distribuiscano collettori certificati dall&#8217;ENEA (Centro Ricerche di Trisaia) o da altro istituto europeo riconosciuto. La qualit\u00e0 e la correttezza commerciale del prodotto sar\u00e0 garantita dal fornitore &#8220;Solar Pass&#8221; mediante:<\/p>\n<ol>\n<li>il rispetto del codice deontologico, al fine di assicurare onest\u00e0 e correttezza nella prestazione di servizi e nella fornitura di merci;<\/li>\n<li>la trasparenza dei prezzi dei propri prodotti, il cui listino dovr\u00e0 essere depositato all&#8217;atto della domanda ed ogni sua eventuale variazione dovr\u00e0 essere tempestivamente comunicata alla Commissione &#8220;Solar Pass&#8221;;<\/li>\n<li>la garanzia dei propri prodotti, che deve essere da un minimo di 5 anni ad un massimo di 10 anni;<\/li>\n<li>la fornitura di assistenza tecnica, pezzi di ricambio ed eventuale manutenzione almeno per tutta la durata della garanzia del prodotto;<\/li>\n<li>la fornitura, assieme al sistema solare, del libretto d&#8217;istruzioni per il montaggio e la manutenzione, del suo certificato di garanzia e della cartolina &#8220;Solar Pass&#8221; che consentir\u00e0 al cliente di esprimere un giudizio sul servizio offertogli.<\/li>\n<\/ol>\n<p>Assolterm sta costituendo una specifica Commissione per il rilascio del &#8220;Solar Pass&#8221;, nella quale saranno coinvolti i Ministeri dell&#8217;Ambiente e della Tutela del Territorio e delle Attivit\u00e0 Produttive, oltre ad ISES ITALIA ed alle Associazioni di categoria di rilevanza nazionale.<\/p>\n<p>La Assolterm ha aperto un gruppo di discussione &#8220;on line&#8221;, accessibile a tutti, al fine di consentire di proporre eventuali suggerimenti e proposte migliorative al regolamento &#8220;Solar Pass&#8221;. Tra le date da ricordare: entro il 18 giugno 2002 si saranno definiti i partecipanti della Commissione &#8220;Solar Pass&#8221;; il 26 giugno 2002 ci sar\u00e0 l&#8217;insediamento ufficiale della Commissione &#8220;Solar Pass&#8221;; il 12 luglio 2002 \u00e8 fissata la riunione della Commissione &#8220;Solar Pass&#8221; per la valutazione delle domande per la concessione del marchio &#8220;Solar Pass&#8221;.<\/p>\n<p>Per informazioni: ASSOLTERM<br \/>\ne-mail: assolterm@assolterm.it &#8211; www.assolterm.it<\/p>\n<h4>DAL MINISTERO DELL&#8217;AMBIENTE<\/h4>\n<p>Nell&#8217;ambito di una Convenzione tra il Ministero dell&#8217;Ambiente e della Tutela del Territorio (Servizio IAR &#8211; Inquinamento Atmosferico e Rischi Industriali) e ISES ITALIA, questa rubrica de &#8220;Ilsoleatrecentosessantagradi&#8221; \u00e8 dedicata alle informazioni sui programmi e le iniziative per le fonti energetiche rinnovabili del Ministero dell&#8217;Ambiente. La pagina \u00e8 redatta in collaborazione tra il Ministero dell&#8217;Ambiente (Servizio IAR) ed ISES ITALIA.<br \/>\nLANCIO DEL PROGRAMMA PER IL SOLARE TERMICO E DECRETI PER L&#8217;EFFICIENZA ENERGETICA<br \/>\nin collaborazione con il Ministero dell\u2019Ambiente e della Tutela del Territorio \u2013 Servizio IAR<\/p>\n<p><strong>LANCIO DI UN PROGRAMMA PER LO SVILUPPO DEL SOLARE TERMICO: PREVISTA L&#8217;INSTALLAZIONE DI 120.000 METRI QUADRATI IN 2 ANNI<\/strong><\/p>\n<p>Sono partiti in Italia finanziamenti per il solare termico, che complessivamente attiveranno investimenti per circa 75 milioni di Euro, permettendo nei prossimi due anni l&#8217;installazione di oltre 120.000 m2 di collettori, pari a circa 4 volte la superficie venduta ed installata in Italia nel 2001. I finanziamenti riguarderanno anche i cittadini privati. \u00c8 stato firmato, infatti, un decreto del Ministero dell&#8217;Ambiente e della Tutela del Territorio (MATT) che assegna alle Regioni circa 9 milioni di Euro per l&#8217;avvio di un programma nazionale di diffusione di impianti solari termici per la produzione di acqua calda sanitaria, riscaldamento dell&#8217;acqua delle piscine, riscaldamento degli edifici presso strutture pubbliche e abitazioni private.<\/p>\n<p>Il Programma \u00e8 cofinanziato al 50% dalle Regioni, che emetteranno i bandi tra luglio e settembre 2002. Le risorse complessivamente disponibili (pari a circa 17 milioni di Euro) verranno assegnate con contributi in conto capitale pari al 30% del valore degli investimenti ammissibili ed attiveranno investimenti complessivi pari a 54 milioni di Euro, sufficienti a realizzare circa 75.000 m2 di impianti. Questo provvedimento si inserisce in un piano di diffusione del solare termico avviato dal MATT nel dicembre 2000 con i programmi &#8220;Solare Termico per Enti Locali e Aziende Gas&#8221; e &#8220;Comune Solarizzato&#8221;. Questi programmi, che prevedono la realizzazione, rispettivamente, di circa 30.000 m2 e 12.000 m2 di collettori solari termici, sono oggi a pieno regime. Per il primo sono stati approvati 23 impianti solari termici per la produzione di calore a bassa temperatura che saranno realizzati entro l&#8217;anno presso edifici pubblici (scuole, piscine, ospedali, ecc.).<\/p>\n<p>I primi enti pubblici ad avere usufruito dei contributi previsti dal decreto di finanziamento sono stati l&#8217;AMG di Palermo, il Comune di Roma, la Provincia Regionale di Trapani, il Consorzio Intesa di Siena, la Provincia di Firenze e il Comune di Aversa. Gli impianti approvati porteranno investimenti pari a circa 1 milione e 500 mila Euro. I fondi disponibili per altre domande (da parte di enti pubblici e aziende gas) sono pari a 5 milioni e 800 mila Euro. Il Programma &#8220;Comune Solarizzato&#8221; che coinvolge 13 enti locali (i Comuni di Caserta, Lecce, Catania, Cosenza, Napoli e le Province di Napoli, Chieti, Pescara, Crotone, Agrigento, Palermo e Salerno, la Comunit\u00e0 Montana dei Monti Reventini) che hanno confermato l&#8217;interesse nel programma entro il 31\/12\/2001, prevede l&#8217;inizio delle attivit\u00e0 di gara da parte degli Enti partecipanti per la fine dell&#8217;estate. L&#8217;installazione degli impianti, principalmente piscine, impianti sportivi e scuole verr\u00e0 realizzata da Lavoratori di Pubblica Utilit\u00e0 coadiuvati da operatori del settore.<\/p>\n<p><strong>LINEE-GUIDA DELL&#8217;AUTORIT\u00c0 PER L&#8217;ATTUAZIONE DEI DECRETI MINISTERIALI SU RISPARMIO ENERGETICO E SVILUPPO DELLE RINNOVABILI<\/strong><\/p>\n<p>Nel 2001 il Ministero dell&#8217;Ambiente e della Tutela del Territorio ha emanato, di concerto con il Ministero Ministero delle Attivit\u00e0 Produttive due decreti che fissano gli obiettivi quantitativi nazionali di risparmio energetico e sviluppo delle fonti rinnovabili di energia e quelli relativi all&#8217;incremento dell&#8217;efficienza energetica negli usi finali. I due decreti ministeriali, emanati il 24 aprile 2001 e pubblicati sulla G.U. n. 117 del 22 maggio dello stesso anno, si inseriscono nel processo di liberalizzazione dei mercati energetici, definendo un quadro normativo e di incentivi del tutto innovativo, sia rispetto alle precedenti iniziative nazionali in materia, sia nei confronti dei programmi avviati negli stati europei. All&#8217;Autorit\u00e0 per l&#8217;Energia Elettrica e il Gas \u00e8 stata affidata l&#8217;attuazione dei due decreti. La tabella 1 indica gli obiettivi quantitativi nazionali di miglioramento dell&#8217;efficienza energetica definiti dai decreti, espressi in quantit\u00e0 di energia primaria risparmiati e riferiti, per l&#8217;energia elettrica e per il gas, per ciascun anno del periodo 2002-2006.<\/p>\n<p align=\"center\"><em>Tabella 1 &#8211; Obiettivi quantitativi nazionali<\/em><\/p>\n<div align=\"center\">\n<p>&nbsp;<\/p>\n<table>\n<tbody>\n<tr>\n<td rowspan=\"2\" valign=\"TOP\" width=\"14%\">\n<p align=\"JUSTIFY\"><strong>Anno<\/strong><\/p>\n<\/td>\n<td colspan=\"2\" valign=\"TOP\" width=\"86%\">\n<p align=\"CENTER\"><strong>Obiettivi (Mtep\/anno)<\/strong><\/p>\n<\/td>\n<\/tr>\n<tr>\n<td valign=\"TOP\" width=\"43%\">\n<p align=\"CENTER\"><strong>Distribuzione di energia elettrica<\/strong><\/p>\n<\/td>\n<td valign=\"TOP\" width=\"43%\">\n<p align=\"CENTER\"><strong>Distribuzione di gas<\/strong><\/p>\n<\/td>\n<\/tr>\n<tr>\n<td valign=\"TOP\" width=\"14%\">\n<p align=\"JUSTIFY\">2002<\/p>\n<\/td>\n<td valign=\"TOP\" width=\"43%\">\n<p align=\"CENTER\">0,10<\/p>\n<\/td>\n<td valign=\"TOP\" width=\"43%\">\n<p align=\"CENTER\">0,10<\/p>\n<\/td>\n<\/tr>\n<tr>\n<td valign=\"TOP\" width=\"14%\">\n<p align=\"JUSTIFY\">2003<\/p>\n<\/td>\n<td valign=\"TOP\" width=\"43%\">\n<p align=\"CENTER\">0,50<\/p>\n<\/td>\n<td valign=\"TOP\" width=\"43%\">\n<p align=\"CENTER\">0,40<\/p>\n<\/td>\n<\/tr>\n<tr>\n<td valign=\"TOP\" width=\"14%\">\n<p align=\"JUSTIFY\">2004<\/p>\n<\/td>\n<td valign=\"TOP\" width=\"43%\">\n<p align=\"CENTER\">0,90<\/p>\n<\/td>\n<td valign=\"TOP\" width=\"43%\">\n<p align=\"CENTER\">0,70<\/p>\n<\/td>\n<\/tr>\n<tr>\n<td valign=\"TOP\" width=\"14%\">\n<p align=\"JUSTIFY\">2005<\/p>\n<\/td>\n<td valign=\"TOP\" width=\"43%\">\n<p align=\"CENTER\">0,20<\/p>\n<\/td>\n<td valign=\"TOP\" width=\"43%\">\n<p align=\"CENTER\">1,00<\/p>\n<\/td>\n<\/tr>\n<tr>\n<td valign=\"TOP\" width=\"14%\">\n<p align=\"JUSTIFY\">2006<\/p>\n<\/td>\n<td valign=\"TOP\" width=\"43%\">\n<p align=\"CENTER\">0,60<\/p>\n<\/td>\n<td valign=\"TOP\" width=\"43%\">\n<p align=\"CENTER\">1,30<\/p>\n<\/td>\n<\/tr>\n<\/tbody>\n<\/table>\n<p>&nbsp;<\/p>\n<\/div>\n<p><span style=\"line-height: 1.5;\">Ad ogni distributore di energia elettrica o di gas che serve pi\u00f9 di 100.000 clienti finali \u00e8 imposto un obiettivo specifico obbligatorio di risparmio di energia primaria. I distributori devono rispettare i propri obiettivi specifici realizzando interventi o progetti di risparmio di energia primaria. Le tipologie di progetti che prevedono interventi e misure ammissibili ai fini del conseguimento degli obiettivi di risparmio energetico fissati, elencate nell&#8217;allegato 1 di ciascun decreto ministeriale, riguardano gli interventi per la riduzione dei consumi finali della forma di energia distribuita e dei consumi di energia primaria. Sono esclusi i progetti per il miglioramento dell&#8217;efficienza energetica negli impianti di generazione di energia elettrica, fatta eccezione per gli impianti fotovoltaici con potenza inferiore ai 20 kW.<\/span><\/p>\n<p>I progetti possono essere eseguiti mediante azioni dirette delle imprese di distribuzione ovvero tramite societ\u00e0 controllate dalle stesse; e ancora tramite societ\u00e0 terze operanti nel settore dei servizi energetici, comprese le imprese artigiane e loro forme consortili (Energy Service Companies &#8211; ESCO). I costi dei progetti sono sostenuti da tali soggetti, che possono beneficiare di contributi statali, regionali o locali, o di un eventuale contributo da parte dei clienti finali che traggono vantaggio dagli interventi realizzati. I risultati dei progetti, in termini di energia primaria risparmiata, vengono valutati in base ai criteri e ai metodi individuati dall&#8217;Autorit\u00e0.<\/p>\n<p>I decreti prevedono, infatti, che l&#8217;Autorit\u00e0 rilasci dei titoli di efficienza energetica (TEE), negoziabili sul mercato elettrico, ed imponga delle sanzioni a carico dei distributori che non dimostrino di aver conseguito gli obiettivi loro assegnati. L&#8217;Autorit\u00e0 ha presentato in un documento di consultazione le proposte per definire le linee-guida per la valutazione consuntiva dei progetti, le modalit\u00e0 di controllo e certificazione della quota di riduzione dei consumi conseguita, la parziale copertura tariffaria degli oneri per la realizzazione dei progetti, il rilascio dei titoli di efficienza energetica, la verifica ed il conseguimento degli obiettivi e le sanzioni.<\/p>\n<p>L&#8217;Autorit\u00e0 ha inoltre indetto audizioni pubbliche per permettere ai soggetti interessati di formulare, prima dell&#8217;adozione dei relativi provvedimenti, osservazioni sulle proposte contenute nel documento di consultazione. Possono presentare richiesta di partecipazione i rappresentanti delle associazioni dei consumatori e degli utenti, delle associazioni ambientaliste, delle associazioni sindacali delle imprese e delle associazioni sindacali dei lavoratori, nonch\u00e9 tutti gli operatori interessati come previsto dai citati Decreti ministeriali.<\/p>\n<p>Il documento di consultazione &#8220;Proposte per l&#8217;attuazione dei decreti ministeriali del 24 aprile 2001 per la promozione dell&#8217;efficienza energetica negli usi finali&#8221; \u00e8 disponibile sul sito dell&#8217;Autorit\u00e0 per l&#8217;Energia Elettrica e il Gas &#8211; www.autorita.energia.it.<\/p>\n<p>Per quanto riguarda le Audizioni \u00e8 possibile rivolgersi all&#8217;apposita Segreteria (tel: 02 65565251\/225 &#8211; e-mail: audizioni@autorita.energia.it).<\/p>\n<p>Ministero dell&#8217;Ambiente e della Tutela del Territorio (SIAR)<\/p>\n<p>Numero verde per informazioni sul Programma &#8220;Tetti Fotovoltaici&#8221;: 800 466 366<\/p>\n<p>Il servizio \u00e8 attivo dal luned\u00ec al venerd\u00ec, dalle ore 9 alle 13 e dalle ore 14 alle 17.<\/p>\n<p>Gli operatori forniscono informazioni sulla tecnologia fotovoltaica e in particolare sugli impianti FV integrati negli edifici e collegati alla rete elettrica; sulle possibilit\u00e0 offerte dai programmi di incentivazione governativi; sulle modalit\u00e0 di accesso ai finanziamenti; aggiornamenti sui bandi regionali del programma Tetti FV.<\/p>\n<h4>FOCUS TECNOLOGIA<\/h4>\n<p><strong>NUOVE PROSPETTIVE TECNOLOGICHE PER IL FUTURO SVILUPPO DELL&#8217;ENERGIA SOLARE<\/strong><\/p>\n<p>Rectennas o nano-antenne solari, nuovi cicli termodinamici e tecnologie fotocatalitiche in una relazione del Laboratorio per l&#8217;Energia Solare e per la Conversione dell&#8217;Energia dell&#8217;Universit\u00e0 della Florida.<\/p>\n<p>In occasione del Congresso mondiale dell&#8217;ISES International, tenutosi ad Adelaide in Australia, alla fine dello scorso anno, il Dr. Yogi Goswami, Vice presidente di ISES International, present\u00f2 alcuni nuovi sviluppi nel settore dell&#8217;energia solare dei quali riferimmo brevemente ne &#8220;Ilsolea360gradi&#8221; del mese di dicembre 2001. In vista dell&#8217;imminente pubblicazione degli Atti del Congresso e della relazione completa dell&#8217;intervento (autori: Y. Goswami, Sanjay Vijayaraghavan, Shaoguang Lu and Gunnar Tamm), riteniamo interessante far conoscere pi\u00f9 approfonditamente ai nostri lettori le tecnologie emergenti trattate nella relazione. Esse potrebbero rivoluzionare le prospettive di utilizzo dell&#8217;energia solare per riscaldare, raffrescare, produrre elettricit\u00e0 e ripulire l&#8217;ambiente. Concentriamo la nostra attenzione su tre particolari tecnologie, illustrandone i principi di base, le loro potenzialit\u00e0, lo stato attuale di sviluppo e le opportunit\u00e0 che si intravvedono per la ricerca.<\/p>\n<p><strong>RECTENNAS O NANO-ANTENNE PER LA CONVERSIONE DELL&#8217;ENERGIA SOLARE<\/strong><\/p>\n<p>L&#8217;attuale tecnologia fotovoltaica converte direttamente la luce in energia elettrica, sfruttandone la natura quantica, con efficienze per i prodotti in commercio gi\u00e0 pari al 16-18% e, in prospettiva, di oltre il 30%. Le nano-antenne solari o rectennas (dalla fusione delle parole antennas e rectifyer) basano invece il loro funzionamento, per la conversione dell&#8217;energia solare in elettricit\u00e0, sulla natura ondulatoria della luce. Secondo gli studiosi dell&#8217;Universit\u00e0 della Florida, esse promettono efficienze dell&#8217;80-90% e se questi numeri saranno confermati, come si pu\u00f2 ottimisticamente ipotizzare in base alle conoscenze attuali, saremmo in presenza di un nuovo concetto, assolutamente rivoluzionario, di conversione energia solare in energia elettrica. Alcuni esperti ritengono che i tempi per questa nuova tecnologia siano ormai maturi. L&#8217;idea delle nano-antenne risale ai primi anni &#8217;60, quando J.C. Fletcher della NASA e R.L. Bailey dell&#8217;Universit\u00e0 della Florida brevettarono un dispositivo per convertire l&#8217;energia delle onde elettromagnetiche in elettricit\u00e0. Esso era costituito da un certo numero di elementi, gli uni vicini agli altri, in grado di catturare un&#8217;ampia gamma dello spettro di frequenze della radiazione solare, in base allo stesso principio con il quale le onde radio, di lunghezze d&#8217;onda ben pi\u00f9 ampie, sono intercettate dalle antenne radio.<\/p>\n<figure id=\"attachment_483\" aria-describedby=\"caption-attachment-483\" style=\"width: 278px\" class=\"wp-caption aligncenter\"><img loading=\"lazy\" class=\"size-full wp-image-483\" src=\"http:\/\/webfabbrica.com\/360archive\/wp-content\/uploads\/2002\/05\/fig1-mag2002.jpg\" alt=\"Figura 1 \u2013 Illustrazione schematica delle nanoantenne o rectennas. La forma \u00e8 rastremata per poter catturare un\u2019ampia gamma di lunghezze d\u2019onda. Le nano-antenne sono nel retro collegate a un sistema di rettifica (Fletcher and Bailey, 1973).\" width=\"278\" height=\"350\" srcset=\"http:\/\/gses.it\/360archive\/wp-content\/uploads\/2002\/05\/fig1-mag2002.jpg 278w, http:\/\/gses.it\/360archive\/wp-content\/uploads\/2002\/05\/fig1-mag2002-238x300.jpg 238w\" sizes=\"(max-width: 278px) 100vw, 278px\" \/><figcaption id=\"caption-attachment-483\" class=\"wp-caption-text\">Figura 1 \u2013 Illustrazione schematica delle nanoantenne o rectennas. La forma \u00e8 rastremata per poter catturare un\u2019ampia gamma di lunghezze d\u2019onda. Le nano-antenne sono nel retro collegate a un sistema di rettifica (Fletcher and Bailey, 1973).<\/figcaption><\/figure>\n<p>Queste antenne, dalla forma piramidale, furono sperimentate agli inizi degli anni &#8217;70 per verificare la loro capacit\u00e0 di catturare le micronde in un ampio spettro di frequenze (100-1000 MHz). \u00c8 in un lavoro del 1972 che per la prima volta Bailey propose di utilizzare il convertitore di onde elettromagnetiche per captare l&#8217;energia solare. Nel 1975 Bailey effettu\u00f2 alcune ricerche preliminari e teoriche che si focalizzarono sul meccanismo attraverso il quale le antenne assorbivano le onde elettromagnetiche: da questi studi emerse la complessit\u00e0 tecnica di trasformare l&#8217;onda catturata in energia elettrica. Bailey riscontr\u00f2 anche alcune analogie tra il funzionamento delle nano-antenne e le antenne degli insetti e con il modo di comportarsi della struttura dei coni e dei bastoncelli presenti nell&#8217;occhio umano, individuando cos\u00ec ulteriori possibili strade per le future ricerche. Gli studi furono in seguito accompagnati anche da sperimentazioni e dimostrazioni; per esempio, presso il centro Jet Propulsion Laboratory di Goldstone un fascio di micronde della potenza di 30 kW fu convertito direttamente in energia elettrica con un&#8217;efficienza dell&#8217;84% da una nano-antenna posta a pi\u00f9 di un miglio di distanza. Questo ed altri risultati sperimentali hanno confermato che le nano-antenne possono avere alte efficienze di conversione per fasci di micronde e che, pertanto, sia possibile ipotizzare elevate efficienze di conversione anche per le nano-antenne progettate appositamente per catturare le piccole lunghezze d&#8217;onda che costituiscono lo spettro solare. Nel passato il maggiore impedimento allo sviluppo delle nano-antenne solari \u00e8 stata la mancanza di nanotecnologie in grado di operare su dimensioni inferiori o dell&#8217;ordine del micron. Oggi queste tecnologie sono in una fase di rapido sviluppo e ci\u00f2 fa ritenere che siamo vicini ad esperimenti decisivi per provare concretamente il concetto delle nano-antenne solari. Tuttavia le sfide tecnologiche da superare sono numerose: esse riguardano le dimensioni delle antenne ed i conseguenti problemi di fabbricazione, di controllo di qualit\u00e0, di produzione di massa, di scelta dei materiali, del sistema di rettificazione ad elevate frequenze e della geometria delle stringhe. Si tratta di problemi spesso assai complessi che comportano ricerche interdisciplinari difficili da organizzare e dai costi elevati.<\/p>\n<p>NUOVI CICLI TERMODINAMICI PER LA PRODUZIONE DELL&#8217;ELETTRICIT\u00c0 SOLARE TERMICA<\/p>\n<p>Alcuni ricercatori hanno effettuato negli ultimi decenni vari lavori mirati a sviluppare nuovi cicli termodinamici pi\u00f9 efficienti o a migliorare quelli gi\u00e0 noti. Un recente approccio orientato al miglioramento dell&#8217;efficienza di un ciclo termodinamico \u00e8 di utilizzare miscele di fluidi, anzich\u00e9 un unico fluido, per esempio il vapore acqueo. Una miscela di fluidi, al variare della sua composizione, pu\u00f2 vaporizzare a diverse temperature e pressioni, prestandosi cos\u00ec a pi\u00f9 facili adattamenti alle condizioni imposte dalla sorgente di calore. Nel 1995 Goswami propose un nuovo ciclo termodinamico per la produzione di elettricit\u00e0 e freddo basato sull&#8217;uso dell&#8217;ammoniaca, come nel caso del &#8220;ciclo Kalina&#8221;; l&#8217;aspetto innovativo riguardava l&#8217;utilizzo nella turbina dei vapori che, caratterizzati da alte concentrazioni, possono espandere a basse temperature, senza condensare, e costituire cos\u00ec una sorgente di calore idonea per impieghi sulle macchine ad assorbimento usate nella refrigerazione. Un ciclo di questo tipo pu\u00f2 essere alimentato con sorgenti di calore a bassa temperatura, intorno a 100 \u00baC, ad esempio la geotermica e quella solare, che possono produrre allo stesso tempo elettricit\u00e0 e calore a bassa temperatura adatto per la refrigerazione, con efficienze complessive elevatissime. Nel 2002 Goswami ed i suoi collaboratori hanno condotto diversi studi che hanno evidenziato potenziali riduzioni del costo di produzione del kWh elettrico dell&#8217;ordine del 30-50% rispetto al costo del kWh prodotto con le attuali tecnologie solari termoelettriche. Con una sorgente a 360 K, uno scarico a 290 K (273 Kelvin corrispondono ai nostri 0 gradi Celsius) e una portata del fluido di 1 kg\/s, il ciclo produrrebbe circa 20 kW di elettricit\u00e0 e renderebbe disponibili 16,2 kW per la refrigerazione, con una efficienza complessiva del 54%. All&#8217;Universit\u00e0 della Florida il ciclo Goswami \u00e8 sperimentato attualmente su un sistema da 5 kW per singole abitazioni e la commercializzazione dei prodotti basati su tale ciclo \u00e8 prevista gi\u00e0 nei prossimi 3-5 anni.<\/p>\n<p>DETOSSIFICAZIONE E DISENFETTAZIONE SOLARE FOTOCATALITICA DI ACQUA, ARIA E SUOLO<\/p>\n<p>Il potenziale applicativo della radiazione solare per la detossicazione e la disinfettazione \u00e8 noto da anni. Tuttavia solo di recente tale potenziale \u00e8 diventato oggetto di ricerche sistematiche e ne \u00e8 stata riconosciuta l&#8217;importanza, anche alla luce degli enormi problemi ambientali creati dal recente sviluppo industriale. In tutto il mondo ci sono centinaia di migliaia di siti contaminati, che possono a loro volta inquinare le falde acquifere; ed infatti, oggi, centinaia di migliaia sono le sorgenti di acqua gi\u00e0 inquinate. La tecnologia solare fotocatalitica utilizza processi fotochimici e si basa sulle propriet\u00e0 che hanno alcuni materiali (TiO2, ZnO, CdS, Sno3,WO3) di produrre agenti ossidanti allorch\u00e9 sono colpiti dalla luce. Questa tecnologia pu\u00f2 essere utilizzata per disinquinare falde acquifere contaminate da scarichi industriali, per decontaminare i suoli, per disinfettare l&#8217;acqua potabile, i rifiuti ospedalieri e detossificare l&#8217;aria degli ambienti interni. Da dieci anni, e soprattutto nel corso degli ultimi cinque, sono stati realizzati numerosi studi volti a fare il punto sulle conoscenze acquisite su queste tecnologie. A fronte di questi studi \u00e8 possibile trovare in letteratura solo pochi esempi di applicazione o di impianti dimostrativi: tre negli Stati Uniti e uno in Spagna. La tecnologia fotocatalitica ha grandi potenzialit\u00e0 di applicazione anche per la disinfettazione dell&#8217;aria. Negli Stati Uniti \u00e8 stata recentemente utilizzata con successo contro un batterio simile all&#8217;antrace, suscitando un particolare interesse dato l&#8217;insorgere di tragici problemi di contaminazione dopo l&#8217;11 settembre 2001. Nonostante le tecnologie fotocatalitiche abbiano dimostrato di poter essere applicate con successo non hanno riscosso tuttora molto interesse dal punto di vista commerciale; \u00e8 pertanto necessario continuare la ricerca e promuovere progetti dimostrativi anche su siti industriali.<\/p>\n<p>Per maggiori informazioni: Atti del Congresso mondiale dell&#8217;ISES 2001 www.ises.org (Bookshop)<\/p>\n<h4>NOTIZIE DA ISES ITALIA<\/h4>\n<p><strong>CAMPAGNA SOCI 2002<\/strong><br \/>\nSono aperte le iscrizioni ad ISES ITALIA per l\u2019anno 2002<\/p>\n<p>Nuovi servizi per tutti i Soci di ISES ITALIA e interessanti opportunit\u00e0 per le Societ\u00e0<\/p>\n<p>Sulle nostre pagine internet le informazioni sui vantaggi di essere Socio di ISES ITALIA<\/p>\n<p>A tutti i Soci del 2002 verr\u00e0 inviato il N.3 di marzo de &#8220;Ilsoleatrecentosessantagradi&#8221;, con l&#8217;inserto &#8220;Compatibilit\u00e0 ambientale degli impianti eolici&#8221; (24 pp.)<\/p>\n<p>Per le modalit\u00e0 di iscrizione:<br \/>\nSegreteria di ISES ITALIA o sito internet: www.isesitalia.it<\/p>\n<p><strong>EUROSUN 2002: Le energie rinnovabili per le Comunit\u00e0 Locali d&#8217;Europa &#8211; Verso Rio + 10<\/strong><br \/>\nBologna, 23-26 giugno 2002<\/p>\n<p>Universit\u00e0 di Bologna &#8211; Via dei Chiari, 25\/a<\/p>\n<p>Complessi di S. Lucia e di San Giovanni in Monte 10 minuti a piedi dalle due Torri. Dettagli e mappe sul sito di EuroSun 2002<\/p>\n<p>I PROGRAMMI IN SINTESI DEL CONGRESSO TECNICO SCIENTICO, DEI POLICY FORUM E DEGLI ALTRI EVENTI CHE SI SVOLGERANNO IN PARALLELO<\/p>\n<p>Congresso tecnico-scientifico<\/p>\n<p>Avr\u00e0 inizio Luned\u00ec 24 giugno alle ore 9.00 e terminer\u00e0 mercoled\u00ec 26 giugno alle ore 17.00.<\/p>\n<p>Oltre 200 le relazioni tecnico scientifiche che saranno presentate in sessioni plenarie e parallele.<\/p>\n<p>Luned\u00ec 24 giugno (ore 9.00 &#8211; 18.00)<\/p>\n<p>Principali temi trattati: Prospettive della ricerca scientifica e tecnologica sulle rinnovabili in Europa; aspetti tecnici dei piani energetici nazionali e locali volti a sostenere un sostanziale contributo delle rinnovabili ai fabbisogni energetici; valutazione delle risorse energetiche rinnovabili; loro integrazione nell&#8217;ambiente costruito e nelle infrastrutture energetiche esistenti; panorama di insieme dei settori biomasse, eolico e fotovoltaico.<\/p>\n<p>Marted\u00ec 25 giugno (ore 8.30 &#8211; 18.00)<\/p>\n<p>Temi trattati: Panorama di insieme dei settori della geotermia, del solare termico, del solare termico a concentrazione, con particolare accento sui grandi impianti geotermici, solari, e a biomasse di teleriscaldamento e teleraffrescamento; illustrazione di grandi impianti solari, fino a 10.000 m2 di superficie realizzati nel nord Europa; continuazione in sessioni parallele su biomasse, eolico, geotermia, valutazione delle risorse, integrazione e architettura solare.<\/p>\n<p>Mercoled\u00ec 26 giugno (ore 8.30 &#8211; 17.00)<\/p>\n<p>Temi trattati: Solar ponds e dissalazione solare, mini-hydro, integrazione di grandi impianti fotovoltaici in edifici commerciali e pubblici e in altre infrastrutture urbane, reti per il teleriscaldamento e il teleraffrescamento alimentate con energia solare; sistemi di accumulo; studi e ricerche avanzate su celle FV anche a concentrazione; sistemi FV a concentrazione, valutazione delle risorse energetiche.<\/p>\n<p>Policy Forum<\/p>\n<p>Tre Policy Forum si svolgeranno in parallelo al Congresso tecnico-scientifico. In ogni Policy Forum interverranno 6-8 relatori. Segue dibattito. Contenuti e calendario:<\/p>\n<p>Martedi 25 giugno 2002 (ore 14.00-16.00)<\/p>\n<p>&#8220;ENERGIE RINNOVABILI, AGENDA 21 LOCALE E RIO+10&#8221;<\/p>\n<p>Anche in vista del vertice di Johannesburg di Rio+10 saranno esaminate le realizzazioni e le prospettive di sviluppo delle rinnovabili nell&#8217;ambito dei contesti locali, dalle aree metropolitane, alle citt\u00e0 piccole e grandi, ai centri rurali, con particolare riferimento al ruolo che possono svolgere regioni, province, comuni e comunit\u00e0 montane. Questo Policy Forum \u00e8 organizzato da Coordinamento della Agenda 21 Locale, Comune di Bologna, RENAEL ed ISES ITALIA.<\/p>\n<p>Martedi 25 giugno 2002 (ore 16.20 &#8211; 18.00)<\/p>\n<p>&#8220;INCENTIVI PUBBLICI E INVESTIMENTI PRIVATI NEL SETTORE DELLE RINNOVABILI IN EUROPA&#8221;<\/p>\n<p>Ci sono paesi ed entit\u00e0 locali europei che si sono prefissati obiettivi di sviluppo delle rinnovabili pi\u00f9 ambiziosi di quelli decisi dall&#8217;Unione Europea o da un governo nazionale. In questo Policy Forum, coordinato dall&#8217;Associazione dei Produttori di Energia da Fonti Rinnovabili (APER), da MPS Banca Verde ed ISES ITALIA, saranno illustrate e discusse le esperienze e le proposte di amministrazioni pubbliche, imprese e banche per il finanziamento di progetti con fonti rinnovabili.<\/p>\n<p>Mercoledi&#8217; 26 giugno 2002 (ore 8.30 &#8211; 10.30)<\/p>\n<p>&#8220;FORMAZIONE E INFORMAZIONE SULLE ENERGIE RINNOVABILI IN EUROPA&#8221;<\/p>\n<p>I grandi progressi tecnologici realizzati negli ultimi decenni in tutti i settori delle energie rinnovabili non sono stati sempre accompagnati da una crescita culturale sui temi dell&#8217;energia in generale e su quelli dell&#8217;uso delle rinnovabili in particolare. \u00c8 un ritardo che investe la formazione scolastica fino ai livelli universitari e si riflette nella percezione che i mondi delle imprese, della politica e del grande pubblico hanno sulle prospettive delle fonti energetiche rinnovabili. Coordinano questo Policy Forum ISES ITALIA, Ministero della Pubblica Istruzione ed Universit\u00e0 di Bologna.<\/p>\n<p>Altri Eventi in parallelo a EuroSun 2002<\/p>\n<p>Domenica 23 giugno<\/p>\n<p>9.00-12.30 &#8211; Consiglio direttivo di ISES International<br \/>\n13.30-15.30 &#8211; Riunione congiunta ISES International e ISES Europe<br \/>\n15.30 -18.00 &#8211; Riunione Consiglio Direttivo ISES Europe<\/p>\n<p>Marted\u00ec 25 giugno<\/p>\n<p>11.00-13.00 &#8211; Sessione sugli impianti fotovoltaici ad alta valenza architettonica Verranno presentati i progetti vincitori del concorso bandito dal Ministero dell&#8217;Ambiente in collaborazione con il Ministero dei Beni Culturali e discussi i risultati e le prospettive dei programmi futuri. &#8220;ISES-EC project on Solar Cities&#8221;<br \/>\nOre 18.15 &#8211; 20.15 Assemblea annuale dei Soci di ISES ITALIA<\/p>\n<p>Mercoled\u00ec 26 giugno<\/p>\n<p>8.30-10.30 &#8211; Sessione speciale sulle fonti energetiche rinnovabili nelle isole minori Verranno presentati i progetti di solarizzazione delle piccole isole italiane promossi dal Ministero dell&#8217;Ambiente.<\/p>\n<p>11.00-13.00 &#8211; ISES Workshop on &#8220;50 years of Science&amp;Technology in Solar Energy&#8221; in view of ISES anniversaries in 2004 and 2005<\/p>\n<p>Marted\u00ec 25 giugno\/Venerd\u00ec 28 giugno &#8211; Ore 14.00 &#8211; 19.00<br \/>\nCorsi di formazione sul solare fotovoltaico e sul solare termico<br \/>\nINFORMAZIONI PRATICHE SU EUROSUN 2002<\/p>\n<p>La lingua ufficiale del Congresso tecnico scientifico \u00e8 l&#8217;inglese. \u00c8 prevista la traduzione simultanea in italiano solo per le sessioni plenarie di Luned\u00ec e Marted\u00ec. La partecipazione al Congresso tecnico-scientifico comporta il pagamento di una quota di registrazione per l&#8217;intero evento o anche per un solo giorno, che d\u00e0 diritto a ricevere il volume dei sommari delle relazioni, a partecipare a tutte le sessioni tecnico-scientifiche e ad usufruire di tutti gli altri servizi di EuroSun 2002 (quote per 1 giorno 140 Euro, per 3 giorni 350 Euro). Scheda di registrazione disponibile al sito di EuroSun 2002: www.isesitalia.it\/eurosun2002.htm)<\/p>\n<p>La lingua ufficiale dei Policy Forum \u00e8 l&#8217;italiano. La partecipazione ai Policy Forum \u00e8 gratuita e su invito.<\/p>\n<p>Tutti coloro che intendono partecipare sia al Congresso tecnico-scientico sia al Policy Forum sono invitati a registrarsi o pre-registrarsi sul sito della manifestazione per essere sicuri di trovare a Bologna la documentazione del Congresso e poter partecipare agli incontri.<\/p>\n<p>Per quanto riguarda la prenotazione di alberghi o per conoscere il luogo esatto dove si svolge EuroSun 2002, si suggerisce di consultare il sito web o rivolgersi alla segreteria di ISES ITALIA.<br \/>\nSi ringraziano gli Sponsor:<\/p>\n<p>SPONSOR SITO WEB EUROSUN: ANIT-BUSI IMPIANTI<br \/>\nSPONSOR POLICY FORUM &#8220;INCENTIVI PUBBLICI E INVESTIMENTI PRIVATI: MPS-BANCA VERDE SPA<br \/>\nSPONSOR RICEVIMENTO CAPELLA FARNESE: SEABO SPA<br \/>\nPer informazioni aggiornate sui programmi e i contenuti di EuroSun 2002:<\/p>\n<p>ISES ITALIA &#8211; Via Tommaso Grossi, 6 &#8211; 00184 Roma<br \/>\ne-mail: eurosun2002@isesitalia.it<br \/>\n(Segretariato EuroSun 2002)<br \/>\ntel. 06 77073610-11\u00a0\u00a0 fax 06 77073612<\/p>\n<p>http:\/\/www.isesitalia.it\/eurosun.htm<\/p>\n<p><strong>CORSI DI FORMAZIONE DI ISES ITALIA in occasione di EuroSun 2002<\/strong><\/p>\n<p>15\u00b0 Corso su<br \/>\nI SISTEMI FOTOVOLTAICI: PROGETTAZIONE TECNICO-ARCHITETTONICA<br \/>\nBologna, 25-28 giugno 2002<br \/>\nPer informazioni ed iscrizioni: ISES ITALIA tel. 06 77073610-11 \/ www.isesitalia.it<\/p>\n<p>3\u00b0 Corso su<br \/>\nGLI IMPIANTI SOLARI TERMICI: DAL PROGETTO ALLA REALIZZAZIONE<br \/>\nBologna, 25-28 giugno 2002<br \/>\nCorso organizzato in collaborazione con Ambiente Italia<br \/>\nPer informazioni ed iscrizioni: ISES ITALIA tel. 06 77073610-11 \/ www.isesitalia.it<\/p>\n<p><strong>\u00c8 USCITO IL SECONDO NUMERO DI ECOENERGIE PERIODICO DI ANALISI ENERGETICO-AMBIENTALE<\/strong><\/p>\n<p>Periodico a cura di ISES ITALIA realizzato nell&#8217;ambito di una Convenzione con il MINISTERO DELL&#8217;AMBIENTE E DELLA TUTELA DEL TERRITORIO<\/p>\n<p>n. 2 APPLICAZIONI E POTENZIALIT\u00c0 DEI SISTEMI SOLARI TERMICI<\/p>\n<p>(pagg. 32 &#8211; 17&#215;24 cm)<\/p>\n<p>Il periodico monografico Ecoenergie \u00e8 inviato esclusivamente ai Soci di ISES ITALIA.<\/p>\n<p><strong>IL SOLE NELLA CITT\u00c1 L&#8217;USO DEL FOTOVOLTAICO NELL&#8217;EDILIZIA<\/strong><br \/>\ndi Mauro Spagnolo<br \/>\nFRANCO MUZZIO EDITORE &#8211; Editori Riuniti Collana &#8220;Energie&#8221; in collaborazione con ISES ITALIA<br \/>\nAnno 2002 &#8211; pp. 231 (17 x 24 cm)<\/p>\n<p>Costo: 17,00 Euro (Per i non Soci) &#8211; 12,50 Euro (Per i Soci)<\/p>\n<p><strong>Codice catalogo pubblicazione ISES ITALIA: 16<\/strong><\/p>\n<p>ISES ITALIA ha avviato una collaborazione con Editori Riuniti per una Collana dedicata alle Fonti Energetiche Rinnovabili. L&#8217;obiettivo dell&#8217;iniziativa editoriale \u00e8 di presentare il risultato del continuo sviluppo tecnologico avvenuto negli ultimi anni, offrendo al lettore un quadro aggiornato delle potenzialit\u00e0 delle diverse tecniche di produzione energetica.<\/p>\n<p>Il volume &#8220;Il Sole nella citt\u00e0&#8221; \u00e8 rivolto alle diverse opzioni applicative del fotovoltaico nell&#8217;integrazione edilizia, ambito nel quale si sono sviluppate negli ultimi anni moltissime idee sia per arricchire l&#8217;ambiente costruito, sia per risaltare l&#8217;impiego dei pannelli come elementi costruttivi attivi e non confinarne l&#8217;uso al puro ruolo energetico.<\/p>\n<p><strong>GIORNATA DELLE RINNOVABILI: IN 3.000 VISITANO LE CENTRALI APERTE<\/strong><\/p>\n<p>Il 25 e 26 maggio si \u00e8 svolta la seconda edizione delle &#8220;Giornate Nazionali delle Fonti Rinnovabili&#8221;, iniziativa organizzata da ISES ITALIA con il patrocinio del Ministero dell&#8217;Ambiente e della Tutela del Territorio per far conoscere ai cittadini la realt\u00e0 delle rinnovabili e promuovere una cultura dell&#8217;energia pulita. Su tutto il territorio nazionale sono state aperte al pubblico centrali eoliche, solari, idroelettriche e geotermiche, di propriet\u00e0 dell&#8217;Enel Green Power e dell&#8217;Italian Vento Power Corporation.<\/p>\n<p>L&#8217;iniziativa ha registrato la partecipazione di oltre 3.000 persone; famiglie e scolaresche hanno potuto visitare gli impianti con la guida di tecnici ed esperti, coniugando un&#8217;interessante esperienza didattica e formativa con l&#8217;opportunit\u00e0 di una piacevole gita. Molti degli eco-impianti aperti ai cittadini sono infatti situati, e quasi sempre correttamente inseriti, in aree di interesse naturalistico e molte Amministrazioni locali hanno colto l&#8217;occasione per lanciare progetti di rivalutazione in termini di eco-turismo puntando sul binomio rinnovabili-paesaggio. Nell&#8217;ambito delle visite alle centrali sono state organizzate iniziative didattiche, con proiezioni di filmati e percorsi espositivi, animazioni per bambini, escursioni nei parchi e oasi limitrofi, mini fiere dell&#8217;artigianato e della gastronomia locale, eventi musicali e di intrattenimento.<\/p>\n<p>Alcuni impianti dell&#8217;Enel Green Power saranno aperti al pubblico tutto l&#8217;anno. La guida alle centrali visitabili \u00e8 disponibile nel sito: www.enel.it\/erga<\/p>\n<p><strong>ABBONAMENTO Ilsoleatrecentosessantagradi<\/strong><br \/>\nPer ricevere la newsletter mensile di ISES ITALIA, Ilsoleatrecentosessantagradi, versione cartacea e on line:<br \/>\ndiventa Socio di ISES ITALIA oppure da gennaio 2002 puoi anche abbonarti!<\/p>\n<p>Con 35 euro hai diritto a ricevere 11 numeri della newsletter (versione cartacea e on line) che da quest\u2019anno avr\u00e0, in alcuni numeri, anche pi\u00f9 pagine.<\/p>\n<p>Altre modalit\u00e0 di abbonamento per coloro che desiderano ricevere per ogni numero 10, 30 o 50 copie (ad esempio, agenzie energetiche, ordini professionali, enti, ecc.)<\/p>\n<p>A tutti i Soci del 2002 verr\u00e0 inviato il N.3 di marzo de &#8220;Ilsoleatrecentosessantagradi&#8221;, con l&#8217;inserto &#8220;Compatibilit\u00e0 ambientale degli impianti eolici&#8221; (24 pp.)<\/p>\n<p>Per informazioni: www.ilsolea360gradi.it\/abbonamento.htm<\/p>\n<p><strong>SunDay 2002: Domenica 23 giugno 2002<\/strong><\/p>\n<p>Domenica 23 giugno, in prossimit\u00e0 del solstizio d&#8217;estate, si celebrer\u00e0 in tutta Europa la nona edizione del SunDay, il giorno del Sole, una manifestazione organizzata da ISES Europe in collaborazione con le Sezioni europee dell&#8217;International Solar Energy Society.<\/p>\n<p>In ogni Comune si potr\u00e0 organizzare un evento per promuovere l&#8217;energia solare.<\/p>\n<p>Per informazioni: www.isesitalia.it\/eventi\/Sunday\/sunday02.htm<\/p>\n<p>Hanno collaborato a questo numero:<\/p>\n<p>Annalaura Pugliese<\/p>\n<p>Numero chiuso il 7 giugno 2002<\/p>\n","protected":false},"excerpt":{"rendered":"<p>Scarica il PDF:\u00a0IlSolea360gradi &#8211; Anno IX &#8211; N.5 Maggio 2002 Newsletter mensile di ISES ITALIA In questo numero: UN INTENSO CALENDARIO DI EVENTI SULLE RINNOVABILI Un segno di vitalit\u00e0 del settore da sostenere con chiare strategie capaci di aggregare e concentrare gli interessi di ricerca, industria ed istituzioni per costituire un fronte pi\u00f9 compatto a &hellip; <a href=\"http:\/\/gses.it\/360archive\/2002\/05\/01\/n-5-maggio-2002\/\" class=\"more-link\">Continue reading <span class=\"screen-reader-text\">N. 5 MAGGIO 2002<\/span> <span class=\"meta-nav\">&rarr;<\/span><\/a><\/p>\n","protected":false},"author":2,"featured_media":0,"comment_status":"closed","ping_status":"closed","sticky":false,"template":"","format":"standard","meta":[],"categories":[20],"tags":[],"_links":{"self":[{"href":"http:\/\/gses.it\/360archive\/wp-json\/wp\/v2\/posts\/267"}],"collection":[{"href":"http:\/\/gses.it\/360archive\/wp-json\/wp\/v2\/posts"}],"about":[{"href":"http:\/\/gses.it\/360archive\/wp-json\/wp\/v2\/types\/post"}],"author":[{"embeddable":true,"href":"http:\/\/gses.it\/360archive\/wp-json\/wp\/v2\/users\/2"}],"replies":[{"embeddable":true,"href":"http:\/\/gses.it\/360archive\/wp-json\/wp\/v2\/comments?post=267"}],"version-history":[{"count":7,"href":"http:\/\/gses.it\/360archive\/wp-json\/wp\/v2\/posts\/267\/revisions"}],"predecessor-version":[{"id":753,"href":"http:\/\/gses.it\/360archive\/wp-json\/wp\/v2\/posts\/267\/revisions\/753"}],"wp:attachment":[{"href":"http:\/\/gses.it\/360archive\/wp-json\/wp\/v2\/media?parent=267"}],"wp:term":[{"taxonomy":"category","embeddable":true,"href":"http:\/\/gses.it\/360archive\/wp-json\/wp\/v2\/categories?post=267"},{"taxonomy":"post_tag","embeddable":true,"href":"http:\/\/gses.it\/360archive\/wp-json\/wp\/v2\/tags?post=267"}],"curies":[{"name":"wp","href":"https:\/\/api.w.org\/{rel}","templated":true}]}}