{"id":263,"date":"2002-03-01T18:33:31","date_gmt":"2002-03-01T18:33:31","guid":{"rendered":"http:\/\/webfabbrica.com\/360archive\/?p=263"},"modified":"2016-07-18T14:24:18","modified_gmt":"2016-07-18T14:24:18","slug":"n-3-marzo-2002","status":"publish","type":"post","link":"http:\/\/gses.it\/360archive\/2002\/03\/01\/n-3-marzo-2002\/","title":{"rendered":"N. 3 MARZO 2002"},"content":{"rendered":"<p><em>Scarica il PDF:\u00a0<a href=\"http:\/\/gses.it\/360archive\/wp-content\/uploads\/2002\/01\/IlSolea360gradi-Anno-IX-N.3-Marzo-2002.pdf\">IlSolea360gradi &#8211; Anno IX &#8211; N.3 Marzo 2002<\/a><\/em><\/p>\n<p>Newsletter mensile di ISES ITALIA<\/p>\n<p>con INSERTO N.1 DE ILSOLEA360GRADICOMPATIBILIT\u00c0 AMBIENTALE DEGLI IMPIANTI EOLICI<br \/>\nSviluppo del mercato e inserimento nel territorio italiano<\/p>\n<p>Nell&#8217;inserto sono riportati i contenuti del convegno organizzato dal Ministero dell&#8217;Ambiente e della Tutela del Territorio e da ISES ITALIA su &#8220;Compatibilit\u00e0 ambientale delle fonti rinnovabili. Il caso dell&#8217;eolico&#8221;, svoltosi a Roma il 21 febbraio 2002.<\/p>\n<p>In questo numero:<\/p>\n<ul>\n<li>LE FONTI RINNOVABILI E IL PAESAGGIO ITALIANO<br \/>\nSi moltiplicano gli esempi di tecnologie solari e rinnovabili integrate nel nostro ambiente naturale e costruito. La sfida tecnologica e culturale per un loro uso corretto, ordinato ed efficiente.<\/li>\n<li>RICERCA DI MERCATO SUL SOLARE TERMICO IN ITALIA: CONSIDERAZIONI FINALI, STRATEGIE E PROSPETTIVE DEL SETTORE (2)<\/li>\n<li>CONVEGNO E FIERA SUL &#8220;FOTOVOLTAICO IN EUROPA&#8221; A ROMA PER IL PROSSIMO OTTOBRE<\/li>\n<li>NEWS\n<ul>\n<li>ENERGIA EOLICA PER L&#8217;ANTARTIDE<\/li>\n<li>ENEL-CAMFIN: ALLEANZA STRATEGICA PER LE RINNOVABILI<\/li>\n<li>SHELL ACQUISTA SIEMENS SOLAR<\/li>\n<li>SVIZZERA: EOLICO AD ALTA QUOTA E PERCORSI TURISTICI<\/li>\n<\/ul>\n<\/li>\n<li>DAL MINISTERO DELL&#8217;AMBIENTE<br \/>\nTUTTE LE INIZIATIVE ATTIVATE PER LO SVILUPPO DEL SOLARE TERMICO IN ITALIA<br \/>\nATTIVATO IL PRIMO TAVOLO TEMATICO PER IL SOLARE TERMICO<\/li>\n<li>NOTIZIE DA ISES ITALIA<\/li>\n<li>EVENTI<\/li>\n<\/ul>\n<p><!--more--><\/p>\n<h4>LE FONTI RINNOVABILI E IL PAESAGGIO ITALIANO<\/h4>\n<p>Tecnologia e cultura hanno cambiato e cambieranno il nostro paesaggio. Come potrebbero modificarlo le moderne tecnologie che utilizzano le energie rinnovabili? Spunti di riflessione anche nell&#8217;inserto speciale di questo mese dedicato all&#8217;energia eolica.<\/p>\n<p>All&#8217;interno di questo numero della newsletter pubblichiamo un inserto sull&#8217;energia eolica che riporta i contenuti del convegno organizzato dal Ministero dell&#8217;Ambiente e della Tutela del Territorio e da ISES ITALIA su &#8220;Compatibilit\u00e0 ambientale delle fonti rinnovabili. Il caso dell&#8217;eolico&#8221;, tenuto a Roma il 21 febbraio scorso. L&#8217;incontro ha offerto l&#8217;occasione per un confronto tra esperti dopo alcune polemiche sorte sull&#8217;impatto paesaggistico delle installazioni eoliche presenti nell&#8217;Appennino apulo-campano. Ad oggi il dibattito sull&#8217;impatto visivo delle fonti rinnovabili, ed in particolare dell&#8217;eolico, non si \u00e8 certamente esaurito, ma abbiamo ritenuto importante dare un nostro contributo con la pubblicazione di questo inserto, perch\u00e9 crediamo che la valorizzazione e lo sviluppo di queste fonti energetiche sia da collocare in un discorso ambientale ed energetico complessivo e di lungo periodo.<\/p>\n<p>Negli anni &#8217;50, quando l&#8217;Italia inizi\u00f2 a muovere i primi passi verso la motorizzazione di massa nessuno si rese veramente conto di quello che sarebbero diventate, a pochi anni di distanza, le nostre citt\u00e0 e il nostro territorio: centinaia di migliaia di automobili nei centri urbani e campagne tagliate da una fitta rete di rumorose strade ed autostrade. Un&#8217;occupazione del nostro paesaggio prodotta anche da infrastrutture energetiche a volte molto vistose, come le centrali termoelettriche, le reti di trasmissione ed i gasdotti. Pi\u00f9 recentemente, la telefonia mobile ha utilizzato tetti di abitazioni ed alture per installare migliaia di antenne. Alcuni mutamenti sul paesaggio sono avvenuti anche con enormi saccheggi ambientali e sprechi economici, come nel caso dell&#8217;edilizia abusiva. Gli esempi potrebbero proseguire. Parallelamente ai cambiamenti di un paesaggio sempre pi\u00f9 antropizzato e con grandi infrastrutture energetiche, si sono verificate altre importanti trasformazioni, comprese quelle di natura socio-economica, come l&#8217;urbanizzazione, che hanno condizionato molti aspetti della nostra vita quotidiana e della nostra cultura.<\/p>\n<p>Un dato ci segnala questi mutamenti: in 50 anni la superficie forestale italiana \u00e8 raddoppiata, passando dai 5,5 milioni di ettari del 1950 ai 10 milioni di ettari del 2000. Ci\u00f2 \u00e8 spiegato dallo spopolamento delle zone agricole e montane e lo spostamento di parte della popolazione verso le aree urbane e metropolitane. Questa trasformazione \u00e8 stata dunque resa possibile dal crescente uso dei combustibili fossili che hanno non solo sostituito l&#8217;uso della biomassa forestale, ma anche consentito, attraverso grandi centrali di trasformazione e reti capillari di trasporto e distribuzione dell&#8217;energia, lo sviluppo di una societ\u00e0 dei consumi di massa.<\/p>\n<p>Tuttavia sappiamo che l&#8217;attuale sistema energetico ha un impatto non pi\u00f9 sostenibile. Inoltre, il nostro paese si trova a dipendere per l&#8217;80% dalle risorse estere di energia primaria. La situazione \u00e8 ancora pi\u00f9 critica se si riflette sul fatto che la domanda mondiale di energia \u00e8 destinata a crescere in modo vertiginoso, mentre le fonti fossili sono risorse limitate, come il petrolio che potrebbe esaurirsi gi\u00e0 entro i prossimi 100 anni.<\/p>\n<p>Ecco il quadro in cui situare, nel 21\u00b0 secolo, la diffusione di impianti energetici da rinnovabili, che per loro caratteristica sono sparsi sul territorio e per questo ripropongono in termini pressanti gli argomenti legati alla trasformazione del paesaggio. Per\u00f2 siamo certi che in futuro lo sviluppo di queste tecnologie sar\u00e0 inevitabile e, quindi, sulle nostre colline vedremo impianti eolici, i tetti solari daranno ai nostri edifici un aspetto sicuramente particolare rispetto a quello prodotto dalla copertura in laterizi, nei centri urbani i nuovi edifici bioclimatici e solari si differenzieranno sicuramente da quelli tradizionali, i grandi impianti solari, da migliaia di metri quadrati di superficie, potrebbero coprire assolate aree di territori inutilizzati oppure essere integrati in importanti infrastrutture energetiche urbane. Le campagne abbandonate e i terreni marginali potranno tornare ad essere utilizzati per la raccolta delle biomasse con cui alimentare moderni impianti per la produzione di elettricit\u00e0 e calore.<\/p>\n<p>In ogni paese il problema da risolvere sar\u00e0 il modo in cui questi nuovi sistemi ed impianti energetici verranno integrati nell&#8217;ambiente naturale e costruito. La qualit\u00e0 di questa integrazione dipender\u00e0 da come si progetter\u00e0, controller\u00e0 e guider\u00e0 questo processo. \u00c8 una sfida tecnologica e culturale che \u00e8 appena agli inizi e per la quale dobbiamo impegnarci a costruire una nuova infrastruttura energetica, con quote maggiori di energia pulita, prodotte a livello domestico ed in armonia con il paesaggio, un&#8217;energia che altrimenti saremmo costretti ancora a procurarci all&#8217;estero, che \u00e8 inquinante e a costi sempre pi\u00f9 elevati.<\/p>\n<h4>RICERCA DI MERCATO SUL SOLARE TERMICO IN ITALIA: CONSIDERAZIONI FINALI, STRATEGIE E PROSPETTIVE DEL SETTORE (2)<\/h4>\n<p>Riportiamo in questo numero la seconda parte dell&#8217;analisi relativa allo studio commissionato dall&#8217;ENEA sul mercato del solare termico. Dopo aver illustrato la metodologia utilizzata e analizzato i principali risultati della ricerca sulla domanda e l&#8217;offerta (Ilsolea360gradi, febbraio 2002), diamo alcune indicazioni sulle strategie considerate pi\u00f9 idonee per lo sviluppo del settore. Una prima valutazione riguarda il prezzo dei prodotti. Si ritiene che una riduzione dei prezzi nel medio e lungo periodo sia condizione necessaria affinch\u00e9 la competitivit\u00e0 dei prodotti italiani divenga costante nel tempo, sia rispetto ai prodotti stranieri del settore, sia rispetto alle tecnologie tradizionali utilizzate per scaldare l&#8217;acqua. Per far scendere i prezzi in maniera significativa \u00e8 necessaria un&#8217;evoluzione del mercato, simile a quella sperimentata da altri paesi europei durante gli anni &#8217;90, quando l&#8217;aumento della domanda ed i sussidi pubblici concessi hanno aumentato l&#8217;attrattivit\u00e0 del mercato, facendo crescere la competizione. Le aziende sono state costrette a migliorare i propri prodotti ed a ridurne i costi, obiettivi ottenuti principalmente attraverso una crescita delle dimensioni delle aziende ed una razionalizzazione dei processi produttivi e nella distribuzione.<\/p>\n<p>Una crescita della dimensione media delle imprese italiane del settore porterebbe anche a sviluppare una maggiore professionalit\u00e0 e competenza, aumentando la capacit\u00e0 delle aziende di cogliere le opportunit\u00e0 del mercato e di reagire all&#8217;aumento della concorrenza nel settore energetico prevista per i prossimi anni. La chiave di innesto del processo di sviluppo \u00e8 l&#8217;incremento costante della domanda verso le imprese: una politica di incentivazione del settore discontinua nel tempo darebbe luogo a brusche accelerazioni e a successivi rallentamenti, che non permetterebbero agli imprenditori strategie di razionalizzazione dei processi produttivi e commerciali; l&#8217;intervento pubblico si troverebbe principalmente a finanziare le inefficienze del settore senza promuovere interventi mirati al miglioramento delle capacit\u00e0 competitive delle imprese. Una campagna informativa di vaste dimensioni risulterebbe, invece, di maggiore utilit\u00e0 per avviare la maturazione del settore. Ricordiamo, infatti, come la ricerca dell&#8217;ENEA abbia mostrato che la conoscenza superficiale del prodotto sia uno dei maggiori ostacoli alla sua diffusione.<\/p>\n<p>Nello strutturare una campagna informativa \u00e8 necessaria un&#8217;attenta valutazione che porti ad individuare:<\/p>\n<p>i segmenti di mercato a cui rivolgersi<br \/>\ni benefici-base che devono essere evidenziati nel prodotto<br \/>\nUna campagna che si rivolga indistintamente a tutti i soggetti del mercato potenziale, basata solo sulla convenienza economica, non avrebbe al momento grandi possibilit\u00e0 di successo. Il risparmio conseguente all&#8217;installazione di un sistema solare termico non \u00e8 infatti cos\u00ec evidente, dato che i tempi di recupero dell&#8217;investimento sono di diversi anni. Vanno poi considerati come ostacoli alla diffusione i costi immateriali di passaggio ai nuovi sistemi, secondo quanto \u00e8 emerso in maniera pi\u00f9 o meno esplicita dagli intervistati. Inoltre, i sistemi tradizionali di produzione di acqua calda sanitaria pi\u00f9 diffusi non presentano, in genere, difetti di funzionamento o inconvenienti che spingano gli utenti al cambiamento. Dallo studio risulta anche evidente che la domanda di pannelli solari \u00e8 sensibile al costo di altre forme di energia (si \u00e8 valutato che se, per esempio, l&#8217;aumento medio della spesa da sostenere per riscaldare l&#8217;acqua ad uso sanitario con l&#8217;utilizzo di altre forme energetiche fosse del 15%, la domanda di pannelli solari aumenterebbe di circa il 9%; se tale aumento fosse del 30%, la domanda di pannelli solari aumenterebbe di quasi il 16%).<\/p>\n<p>La campagna pubblicitaria dovrebbe invece rivolgersi, con maggiori possibilit\u00e0 di successo, a segmenti del mercato sensibili a precisi benefici del prodotto. In particolare i target che possono essere individuati sono: gli ecologisti, i sostenitori del progresso scientifico, i pionieri del cambiamento, coloro che vorrebbero svincolarsi dalla dipendenza italiana dall&#8217;estero per il rifornimento energetico, determinati settori industriali per i quali, anche ai livelli attuali di prezzi, l&#8217;investimento in pannelli solari risulterebbe economicamente conveniente, coloro che sono mal serviti dai sistemi tradizionali, ad esempio alcuni utenti del gas in bombola. Tali segmenti, contemporaneamente o in tempi diversi, dovrebbero essere oggetto di campagne informative mirate. Un importante risultato della ricerca riguarda la determinazione della potenzialit\u00e0 del prodotto: infatti, riportando il dato campionario all&#8217;universo delle famiglie italiane, in base all&#8217;analisi condotta, si pu\u00f2 affermare che circa 3,5 milioni di queste ultime acquisterebbero un sistema solare termico. La penetrazione in uno o alcuni dei segmenti considerati, che per dimensioni rappresentano comunque ampie aree del mercato potenziale, costituirebbe l&#8217;avvio di un processo di diffusione e di riduzione dei costi dei pannelli solari. Ricordiamo due elementi fondamentali emersi nella ricerca:<\/p>\n<p>le aspettative degli utenti sono ampiamente soddisfatte dai prodotti del settore<br \/>\nil mezzo pi\u00f9 utilizzato per la diffusione dell&#8217;informazione \u00e8 il &#8220;passaparola&#8221; e l&#8217;osservazione diretta dei prodotti installati.<br \/>\nIn una terza sezione della ricerca (analisi desk) \u00e8 stata elaborata, tra l&#8217;altro, un&#8217;analisi della relazione tra il settore del solare termico e il mercato delle costruzioni.<\/p>\n<p>Il grafico dell&#8217;ANCE &#8211; Associazione Nazionale Costruttori Edili (2001) illustra come sia distribuita la diffusione dei pannelli solari nei diversi settori dell&#8217;edilizia.<\/p>\n<p>In questo caso la leva da muovere risulta strettamente correlata con la &#8220;cultura delle costruzioni&#8221;. L&#8217;associazione di categoria dei costruttori, gi\u00e0 da tempo, sta tentando di far capire alle societ\u00e0 costruttrici che \u00e8 importante applicare tecniche, materiali di costruzioni ed impianti di servizio che &#8220;rispettino l&#8217;ambiente&#8221;, soprattutto nel settore energetico. Si tratta di attuare un&#8217;importante e necessaria inversione di tendenza che potrebbe aprire ampie fasce di mercato ai sistemi solari termici determinando un definitivo decollo del settore.<\/p>\n<p>Per informazioni: Ing. Pietro Tarquini<br \/>\ne-mail: tarquini@casaccia.enea.it<\/p>\n<h4>CONVEGNO E FIERA SUL &#8220;FOTOVOLTAICO IN EUROPA&#8221; A ROMA PER IL PROSSIMO OTTOBRE<\/h4>\n<p>Si svolger\u00e0 a Roma (7-11 ottobre al Palazzo dei Congressi) il principale evento scientifico e commerciale del settore fotovoltaico europeo per il 2002: la conferenza e fiera tecnologica internazionale &#8220;Il Fotovoltaico in Europa &#8211; Dalla tecnologia fotovoltaica alle soluzioni energetiche&#8221;, organizzata con il supporto della Commissione Europea e del Ministero dell&#8217;Ambiente e della Tutela del Territorio. La conferenza sar\u00e0 presieduta da Jean-Louis Bal (Ademe, France); Roberto Vigotti di Enel Green Power sar\u00e0 il Vicepresidente oltre che Direttore del Programma e Gianni Silvestrini, Direttore del Servizio IAR del Ministero Ambiente e Tutela del Territorio, presieder\u00e0 il Comitato Nazionale.<\/p>\n<p>La conferenza affronter\u00e0 i principali temi relativi allo stato dell&#8217;arte e agli sviluppi della tecnologia e del mercato nel settore FV europeo, dell&#8217;area mediterranea e dei paesi in via di sviluppo. Una particolare attenzione ed una giornata specifica saranno dedicate al mercato italiano, alle strategie di sviluppo nazionali e agli obiettivi attesi nel nostro paese sul medio e lungo termine. Il programma degli interventi prevede presentazioni riguardanti progetti specifici di ricerca, di sviluppo e dimostrazione e particolari soluzioni energetiche, nonch\u00e9 una panoramica sullo sviluppo nei mercati europei e mediterranei dell&#8217;energia fotovoltaica. Sono previsti anche workshop, forum ed altre manifestazioni nel corso delle quali i partecipanti potranno confrontare le proprie esperienze.<\/p>\n<p>Parallelamente alla Conferenza si terr\u00e0 una fiera espositiva, dedicata ai prodotti e servizi presentati dalle principali aziende europee del settore FV. Gli organizzatori hanno gi\u00e0 diffuso un invito a presentare proposte di interventi per la Conferenza, chiedendo di inviare gli estratti all&#8217;indirizzo e-mail: abstracts@photovoltaic-conference.net<\/p>\n<p>Per informazioni: WIP &#8211; Munich Renewable Energies www.wip-munich.de\/conferences\/pv\/rome_2002\/index.html Organizzatore per l&#8217;Italia \u00e8 ETA &#8211; Energie Rinnovabili: www.etaflorence.it<\/p>\n<h4>NEWS<\/h4>\n<p><strong>ENERGIA EOLICA PER L&#8217;ANTARTIDE<\/strong><\/p>\n<p>Negli ultimi mesi sono stati avviati i lavori per la realizzazione del primo impianto eolico di grande taglia nel continente pi\u00f9 ventoso del mondo, l&#8217;Antartide, dove sono attualmente operative oltre 40 postazioni scientifiche di 17 nazionalit\u00e0 diverse. Gi\u00e0 dal 1993 l&#8217;Australian Antarctic Division (AAD) aveva avviato studi di fattibilit\u00e0 relativi all&#8217;utilizzo di fonti rinnovabili per coprire il fabbisogno delle proprie stazioni di ricerca antartiche. Questa estate \u00e8 stato avviato il primo progetto teso a dotare di un impianto eolico la stazione di Mawson, che attualmente consuma oltre 800.000 litri\/anno di una speciale miscela &#8220;antartica&#8221; di combustibile diesel per produrre elettricit\u00e0 e calore. Il nuovo impianto eolico, della potenza di quasi 1 MW, coprir\u00e0 l&#8217;80% del fabbisogno energetico di Mawson postazione per arrivare al 100% con un successivo ampliamento. Verranno impiegati tre generatori eolici da 300 kWp, appositamente progettati dalla societ\u00e0 tedesca Enercon, in grado di operare in situazioni climatiche estreme e di produrre energia sfruttando venti fino ai 130 km\/h, condizione in cui anche le pi\u00f9 moderne turbine di ultima generazione &#8220;staccano&#8221; per motivi di sicurezza. Sulla costa orientale del continente antartico, dove \u00e8 situata la stazione di Mawson, i cosiddetti &#8220;venti catabatici&#8221; soffiano infatti ad una velocit\u00e0 media annua di 43 km\/h, ma possono raggiungere i 250 km\/h.<\/p>\n<p>Il progetto \u00e8 stato sottoposto alla valutazione di impatto ambientale, condotta dal Governo australiano e presentata all&#8217;approvazione internazionale prevista dai meccanismi del Trattato Atlantico. Progetti analoghi sono stati avviati anche per le stazioni australiane di Casey, Davis e delle isole Macquarie ed entro il 2007 l&#8217;AAD prevede di produrre da fonte eolica la maggior parte dell&#8217;energia necessaria alle proprie stazioni di ricerca scientifica sul continente.<\/p>\n<p>Per informazioni: Australian Antarctic Division (AAD) &#8211; www.aad.gov.au<\/p>\n<p><strong>ENEL-CAMFIN: ALLEANZA STRATEGICA PER LE RINNOVABILI<\/strong><\/p>\n<p>Il gruppo Camfin e l&#8217;Enel Capital hanno siglato alla fine di febbraio un&#8217;alleanza strategica per lo sviluppo di iniziative nel settore delle tecnologie per l&#8217;ambiente e delle energie rinnovabili. In base a questo accordo, il Gruppo Enel entra nell&#8217;azionariato di Cam Tecnologie S.p.A., controllata di Camfin S.p.A., con un investimento di 6,015 milioni di euro, a seguito del quale Enel Capital deterr\u00e0 una quota pari al 10% del capitale sociale di Cam Tecnologie S.p.A. I due Gruppi daranno vita ad una joint venture paritetica fra Enel Green Power e Cam Tecnologie, per la quale verranno deliberati investimenti per 50 milioni di euro. La joint venture avr\u00e0 come obiettivo lo sviluppo di attivit\u00e0 per la produzione di energia elettrica da fonti rinnovabili e delle tecnologie ad esse correlate. In particolare, nel settore eolico la joint venture si occuper\u00e0 dello sviluppo e dell&#8217;avvio, tra il 2003 e il 2004, di due parchi eolici da oltre 42 MW, da installare in Molise e Basilicata, che saranno conferiti alla joint venture da Enel GreenPower.<\/p>\n<p>Nel settore fotovoltaico, la joint venture avvier\u00e0 una fabbrica di moduli FV in silicio amorfo con due linee di produzione e una capacit\u00e0 complessiva annua di 5 MW. La nuova fabbrica sar\u00e0 situata presso il Polo tecnologico di Catania (dove Enel Green Power \u00e8 gi\u00e0 attiva con la societ\u00e0 Conphoebus). La produzione industriale sar\u00e0 affiancata da attivit\u00e0 di sviluppo di nuovi dispositivi avanzati, con particolare attenzione all&#8217;integrazione del FV nelle costruzioni, e da una collaborazione con il Gruppo Pirelli per il settore della ricerca. Con la Pirelli Labs, il centro di ricerca avanzata della Pirelli, la Cam Tecnologie proseguir\u00e0 infatti l&#8217;attivit\u00e0 di ricerca sul processo di deposizione del silicio amorfo e sulla realizzazione di celle solari con materiali innovativi. Infine, la joint venture si occuper\u00e0 di attivit\u00e0 nei settori mini-eolico e minihydro con l&#8217;installazione di piccoli impianti off-grid.<\/p>\n<p>Fonte: Comunicato Stampa Enel-Camfin<\/p>\n<p><strong>SHELL ACQUISTA SIEMENS SOLAR<\/strong><\/p>\n<p>L&#8217;Autorit\u00e0 garante della concorrenza e del mercato (Antitrust) ha approvato il maxiaccordo tedesco nel settore delle rinnovabili secondo il quale la Shell acquista l&#8217;intero settore fotovoltaico della Siemens. La Shell e la Siemens avevano gi\u00e0 formato nel febbraio del 2001 una joint-venture per il settore FV nella quale partecipavano in modo paritario Siemens A.G. (34%), E.ON Energie AG (33%) e Shell (33%). A seguito di questa nuova operazione, conclusasi all&#8217;inizio di marzo 2002, la Shell Solar possieder\u00e0 il 15% del mercato mondiale del FV. La Shell Solar ha il suo centro direzionale ad Amsterdam e produce celle e moduli FV negli impianti di Helmond (Olanda) e di Gelsenkirchen (Germania), dove \u00e8 prevista l&#8217;attivazione di una seconda linea produttiva. I prodotti vengono commercializzati sui mercati europei, asiatici e nordamericani.<\/p>\n<p>Con l&#8217;integrazione della Siemens, Shell Solar acquisisce anche le linee produttive della societ\u00e0 tedesca negli USA, in Olanda, in Germania, Portogallo, India e Giappone per una capacit\u00e0 produttiva annua di 60 MW diversificata per tecnologia tra le celle in silicio mono e policristallino e quelle a film sottile, per le quali \u00e8 operativo lo specifico impianto produttivo di Camarillo, in California. La Siemens Solar aveva sviluppato anche il settore delle celle multistrato in materiali conduttori alternativi al silicio, arrivando a realizzare nel 1998 le prime celle del tipo CIS ottenendo efficienze superiori all&#8217;11%.<\/p>\n<p>Per informazioni: Shell Renewables &#8211; www.shell.com<\/p>\n<p><strong>SVIZZERA: EOLICO AD ALTA QUOTA E PERCORSI TURISTICI<\/strong><\/p>\n<p>Il sito eolico pi\u00f9 &#8220;alto&#8221; del mondo si trova sulle Alpi svizzere, presso Andermatt, dove questo inverno \u00e8 stata installata una turbina eolica da 800 kWp ad un&#8217;altitudine di 2.350 metri sul livello del mare. Si tratta di un generatore imponente, le cui pale misurano 50,5 m di diametro e che produrr\u00e0 annualmente 1,5 milioni di kWh elettrici per soddisfare il fabbisogno energetico di oltre 400 abitazioni. L&#8217;impianto \u00e8 stato realizzato dalla multinazionale ABB per conto della societ\u00e0 elettrica locale Elektrizitaetswerke Ursern.<\/p>\n<p>Attualmente in Svizzera vengono prodotti ogni anno circa 5 GWh elettrici da fonte eolica e il governo ha stabilito l&#8217;obiettivo di raggiungere una produzione di 100 GWh annui entro la prossima decade. Il pi\u00f9 grande impianto eolico del paese, costituito da 6 turbine che producono 3,8 milioni di kWh\/anno, \u00e8 stato inaugurato nel 1996 sempre in un&#8217;area montana, sul Mont-Crosin presso le Alpi della Giura Bernese. Il sito eolico si trova a pochi chilometri dalla centrale FV realizzata su un monte ribattezzato &#8220;Mont-Soleil&#8221;. I due impianti sono collegati da un sentiero naturalistico informativo che attira centinaia di migliaia di visitatori ogni anno. Lungo il sentiero \u00e8 possibile visitare postazioni informative sui temi energetici, in particolare sul solare e l&#8217;eolico, meteorologici, geologici, paesaggistici e naturalistici con la guida di esperti a disposizione di gruppi e scolaresche. In occasione della Expo nazionale svizzera del 2002 il sentiero sar\u00e0 arricchito con una nuova attrazione, un moderno osservatorio solare che verr\u00e0 inaugurato nel mese di maggio.<\/p>\n<p>Per informazioni: ABB &#8211; www.abb.com<br \/>\nCentrale eolica Mont-Crosin, Juvent SA &#8211; www.juvent.ch<\/p>\n<h4>DAL MINISTERO DELL&#8217;AMBIENTE<\/h4>\n<p>Nell&#8217;ambito di una Convenzione tra il Ministero dell&#8217;Ambiente e della Tutela del Territorio (Servizio IAR &#8211; Inquinamento Atmosferico e Rischi Industriali) e ISES ITALIA, questa rubrica de &#8220;Ilsoleatrecentosessantagradi&#8221; \u00e8 dedicata alle informazioni sui programmi e le iniziative per le fonti energetiche rinnovabili del Ministero dell&#8217;Ambiente. La pagina \u00e8 redatta in collaborazione tra il Ministero dell&#8217;Ambiente (Servizio IAR) ed ISES ITALIA.<br \/>\nTUTTE LE INIZIATIVE ATTIVATE PER LO SVILUPPO DEL SOLARE TERMICO IN ITALIA<br \/>\nin collaborazione con il Ministero dell\u2019Ambiente e della Tutela del Territorio \u2013 Servizio IAR<\/p>\n<p>Negli ultimi anni il mercato italiano del solare termico ha registrato una positiva inversione di tendenza rispetto alla crisi degli anni &#8217;80. Nel 2000 sono stati installati quasi 40.000 m2 e con una crescita media annua, negli ultimi 5 anni, di circa il 15% \u00e8 stato raggiunto un parco installato complessivo di poco superiore ai 350.000 m2. Nonostante ci\u00f2, agli attuali ritmi non sembra possibile raggiungere l&#8217;obiettivo fissato dal Libro Bianco delle fonti rinnovabili per l&#8217;Italia di 3.000.000 m2 al 2010. Il Ministero ha quindi avviato una serie di progetti, stanziando complessivamente risorse pubbliche pari a 35 milioni di euro per il periodo 2002-2003, che dovrebbero attivare oltre 100 milioni euro di investimenti complessivi e consentire l&#8217;installazione di circa 200.000 m2 collettori, gettando le basi per un reale rilancio del solare termico e per la creazione di un&#8217;avanzata industria del settore nel nostro Paese.<\/p>\n<p><strong>SETTORE PUBBLICO<\/strong><br \/>\nPer potenziare la domanda il Ministero ha avviato una campagna di incentivazione degli impianti solari termici rivolta ad amministrazioni pubbliche, considerando anche che la legge 10\/91, in larga misura disattesa, impone la realizzazione di impianti solari termici nella edilizia pubblica.<\/p>\n<p>Per il settore pubblico nel corso del 2001 sono stati avviati:<\/p>\n<p>un programma di finanziamenti rivolto a tutti i soggetti pubblici, che prevede la realizzazione di circa 25.000 m2 di impianti;<br \/>\nil Protocollo d&#8217;Intesa con il Ministero del Lavoro e l&#8217;ENEA per il Programma &#8220;Comune Solarizzato&#8221;, che prevede l&#8217;installazione di 20.000 m2 di collettori solari nel biennio 2002-2003 con l&#8217;ausilio di lavoratori di pubblica utilit\u00e0 ed il coinvolgimento di 11 Enti locali del centro-sud;<br \/>\nun bando specifico riservato alle aziende distributrici del gas che, sulla base dei decreti sull&#8217;efficienza energetica dell&#8217;aprile del 2001, devono conseguire, nel periodo 2002-2006, obiettivi crescenti di risparmio energetico anche mediante la diffusione di impianti ibridi gas-solare.<br \/>\nDiversi programmi sono stati avviati in collaborazione con altri Ministeri:<\/p>\n<p>un Protocollo d&#8217;Intesa con il Ministero della Giustizia ha varato il Programma di solarizzazione degli Istituti Penitenziari italiani: le carceri rappresentano una occasione importante di applicazione del solare, essendo strutture ad uso continuativo e quindi particolarmente adatte all&#8217;integrazione del solare termico. Un primo intervento \u00e8 in corso di realizzazione presso il carcere di Rebibbia, con il coinvolgimento attivo e la formazione di 20 detenuti;<br \/>\nun Protocollo d&#8217;Intesa con il Ministero delle Infrastrutture avvia il Programma di solarizzazione degli Istituti Autonomi Case Popolari, finanziato con risorse provenienti dalla &#8220;carbon tax&#8221;;<br \/>\nun Protocollo d&#8217;Intesa \u00e8 stato infine siglato nel 1999 anche con il Ministero per i Beni e le Attivit\u00e0 Culturali, allo scopo di definire delle linee-guida per la Pubbliche Amministrazioni per il corretto inserimento delle tecnologie solari nell&#8217;ambiente costruito ed indicare un iter autorizzativo chiaro, uniforme e semplificato.<\/p>\n<p>SETTORE PRIVATO<br \/>\nPer il settore privato sono stati stanziati 18 milioni euro (al 50% messi a disposizione dalle Regioni) per incentivare l&#8217;installazione di impianti solari termici per la produzione di calore a bassa temperatura presso tutti i soggetti (privati cittadini, Enti locali, imprese) attraverso bandi emanati dalle Regioni. I bandi, che verranno pubblicati tra il mese di giugno e il mese di ottobre (la Lombardia lo ha gi\u00e0 pubblicato), prevedono un incentivo del 30% e consentiranno di installare oltre 100.000 m2 di collettori. Altri filoni d&#8217;incentivazione verranno attivati nel corso del 2002-2003 per le piccole e medie imprese nell&#8217;ambito dei fondi nazionali della carbon tax e per le piccole isole e le aree protette nell&#8217;ambito di specifici programmi di diffusione delle fonti rinnovabili.<\/p>\n<p><strong>STRUMENTI DI SUPPORTO<\/strong><br \/>\nAl fine di rendere pi\u00f9 efficace e pi\u00f9 vasta possibile la partecipazione ai meccanismi di incentivazione avviati, il Ministero Ambiente ha avviato numerosi strumenti di supporto ai programmi che dovrebbero determinare una maggiore risposta degli utenti e una accelerazione del settore:<\/p>\n<p>nell&#8217;ambito dell&#8217;Accordo di Programma tra il Ministero e l&#8217;ENEA \u00e8 stato costituito un gruppo di lavoro sul solare termico che sta predisponendo linee-guida tecniche alla realizzazione degli impianti e sta sostenendo il Ministero e le Regioni nella predisposizione dei futuri bandi;<br \/>\n\u00e8 stata avviata una convenzione con ISES ITALIA per potenziare e migliorare l&#8217;informazione sui programmi di incentivazione in particolare attivando dei tavoli tematici sulle singole tecnologie tra i quali il solare termico (vedi in basso);<br \/>\n\u00e8 stata avviata una convenzione con RENAEL (la Rete Nazionale delle Agenzie Energetiche Locali) al fine di stimolare a livello locale la partecipazione ai bandi nazionali e regionali avviati dal Ministero dell&#8217;Ambiente;<br \/>\n\u00e8 stato potenziato il sito internet del Ministero, in particolare per le pagine dedicate alle rinnovabili;<br \/>\nsono stati programmati, in collaborazione con l&#8217;ENEA e il CNA, corsi di formazione per installatori, sulla scia della buona esperienza dei corsi gi\u00e0 avviati nel 2001 per il FV ed organizzati anche da ISES ITALIA per i progettisti.<\/p>\n<p><strong>ATTIVATO IL PRIMO TAVOLO TEMATICO PER IL SOLARE TERMICO<\/strong><br \/>\nIl 20 marzo si \u00e8 tenuto a Roma, presso la sede del Ministero dell&#8217;Ambiente e della Tutela del Territorio, il primo di una serie di incontri tra il Ministero e gli operatori del settore delle rinnovabili organizzati in collaborazione con ISES ITALIA. L&#8217;obiettivo \u00e8 di creare una maggiore sinergia tra le aziende del settore ed il Ministero stesso in modo da incrementare l&#8217;efficacia delle azioni di promozione e sviluppo del mercato attivate a livello nazionale. Ogni singolo incontro sar\u00e0 dedicato ad un settore, con particolare attenzione al solare termico e al fotovoltaico, per mettere a fuoco ed affrontare in modo specifico e congiunto le problematiche emerse dai programmi attuati o in via di attuazione.<\/p>\n<p>Il Ministero invita quindi tutti gli operatori del solare termico e del FV ad aderire a questa iniziativa, partecipando agli incontri e contribuendo con idee, proposte e spunti di discussione, facendo riferimento all&#8217;indirizzo di posta elettronica dei coordinatori dei tavoli tematici: Ing. Mario Gamberale per il Ministero Ambiente (mario.gamberale@minambiente.it) e Arch. Valeria Roviglioni per ISES ITALIA.<\/p>\n<p>Periodicamente in queste pagine saranno richiamati i principali argomenti trattati durante gli incontri e le conclusioni cui i tavoli tematici giungeranno.<br \/>\nMinistero dell&#8217;Ambiente e della Tutela del Territorio (SIAR)<\/p>\n<p>Numero verde per informazioni sul Programma &#8220;Tetti Fotovoltaici&#8221;: 800 466 366<\/p>\n<p>Il servizio \u00e8 attivo dal luned\u00ec al venerd\u00ec, dalle ore 9 alle 13 e dalle ore 14 alle 17.<\/p>\n<p>Gli operatori forniscono informazioni sulla tecnologia fotovoltaica e in particolare sugli impianti FV integrati negli edifici e collegati alla rete elettrica; sulle possibilit\u00e0 offerte dai programmi di incentivazione governativi; sulle modalit\u00e0 di accesso ai finanziamenti; aggiornamenti sui bandi regionali del programma Tetti FV.<\/p>\n<h4>NOTIZIE DA ISES ITALIA<\/h4>\n<p><strong>CAMPAGNA SOCI 2002<\/strong><br \/>\nSono aperte le iscrizioni ad ISES ITALIA per l\u2019anno 2002<\/p>\n<p>Nuovi servizi per tutti i Soci di ISES ITALIA e interessanti opportunit\u00e0 per le Societ\u00e0<\/p>\n<p>Sulle nostre pagine internet le informazioni sui vantaggi di essere Socio di ISES ITALIA<\/p>\n<p>Per le modalit\u00e0 di iscrizione:<br \/>\nSegreteria di ISES ITALIA o sito internet: www.isesitalia.it<\/p>\n<p><strong>E&#8217; ON LINE IL SITO DI EUROSUN 2002: www.isesitalia.it\/eurosun2002.htm<\/strong><\/p>\n<p>Per essere sempre aggiornati sul Congresso tecnico-scientifico e sul Policy Forum visitate il sito di EuroSun 2002<\/p>\n<p><strong>CORSI DI ISES ITALIA SUL FOTOVOLTAICO<\/strong><\/p>\n<p>I SISTEMI FOTOVOLTAICI: PROGETTAZIONE TECNICO-ARCHITETTONICA<br \/>\nPalermo, 3, 4, 10 e 11 maggio 2002<br \/>\nc\/o Sede ENEA<br \/>\nPer informazioni ed iscrizioni:<br \/>\nMA.R.E.A. srl<br \/>\ntel. 0922 857533 (dalle ore 16.30 alle 19.30)\u00a0 e-mail: info@mareasrl.it<\/p>\n<p>I SISTEMI FOTOVOLTAICI COLLEGATI IN RETE: PROGETTAZIONE TECNICO-ARCHITETTONICA<br \/>\nForl\u00ec, 14, 15 e 16 maggio 2002<br \/>\nc\/o Collegio dei Periti Industriali di Forl\u00ec-Cesena<br \/>\nPer informazioni ed iscrizioni: AGESS<br \/>\ntel. 0543 66044\u00a0 e-mail: info@agenziaagess.com<\/p>\n<p>I SISTEMI FOTOVOLTAICI: PROGETTAZIONE TECNICO-ARCHITETTONICA<br \/>\nFiera di Verona, 23, 24, 25 e 26 maggio 2002<br \/>\nin occasione della Solarexpo 2002<br \/>\nPer informazioni ed iscrizioni: ISES ITALIA<br \/>\ntel: +39 06 77073610-11 fax: +39 06 77073612<br \/>\nwww.isesitalia.it<br \/>\ne-mail: ferro@isesitalia.it<\/p>\n<p><strong>Aperte le iscrizioni per la 1a &#8220;Summer Academy for Mediterranean Solar Architecture&#8221; dell&#8217;International Solar Energy Society<\/strong><br \/>\nRoma, 29 luglio &#8211; 10 agosto 2002<br \/>\nPer informazioni ed iscrizioni: International Solar Energy Society www.ises.org\/samsa<\/p>\n<p>Maryke Van Standen &#8211; e-mail: mvanstaden@ises.org<\/p>\n<p><strong>ABBONAMENTO Ilsoleatrecentosessantagradi<\/strong><br \/>\nPer ricevere la newsletter mensile di ISES ITALIA, Ilsoleatrecentosessantagradi, versione cartacea e on line:<br \/>\ndiventa Socio di ISES ITALIA oppure da gennaio 2002 puoi anche abbonarti!<\/p>\n<p>Con 35 euro hai diritto a ricevere 11 numeri della newsletter (versione cartacea e on line) che da quest\u2019anno avr\u00e0, in alcuni numeri, anche pi\u00f9 pagine.<\/p>\n<p>Altre modalit\u00e0 di abbonamento per coloro che desiderano ricevere per ogni numero 10, 30 o 50 copie (ad esempio, agenzie energetiche, ordini professionali, enti, ecc.)<\/p>\n<p>Per informazioni: www.ilsolea360gradi.it\/abbonamento.htm<\/p>\n<p><strong>ISES ITALIA ADERISCE AL COORDINAMENTO DELL&#8217;AGENDA 21 LOCALE ITALIANA<\/strong><\/p>\n<p>Il primo impegno di collaborazione nell&#8217;ambito di EuroSun 2002<\/p>\n<p>Nel marzo 2002 ISES ITALIA ha deciso di aderire al Coordinamento Italiano Agenda 21 Locale, organizzazione che, in forma associativa, riunisce oltre 300 Amministrazioni locali e altri Enti impegnati nell&#8217;applicazione dell&#8217;Agenda 21 Locale. L&#8217;Agenda 21 \u00e8 il piano d&#8217;azione per lo sviluppo sostenibile, sottoscritto da 179 capi di Stato e di Governo in occasione della Conferenza sull&#8217;ambiente e lo sviluppo, tenuta a Rio de Janeiro, in Brasile, nel 1992 (Earth Summit). Si tratta di un documento programmatico di 700 pagine che sintetizza le azioni specifiche e le strategie che i paesi firmatari si impegnarono, con la firma di Rio, ad attuare per favorire lo sviluppo sostenibile (www.un.org\/esa\/sustdev\/agenda21text.htm).<\/p>\n<p>Poich\u00e9 molte delle esigenze e delle strategie di sviluppo economico, sociale, ambientale e culturale delineate nell&#8217;Agenda 21 possono essere meglio percepite e realizzate a livello locale nasce Agenda 21 Locale (A21L). L&#8217;A21L intende realizzare un processo di costruzione dei piani d&#8217;azione per lo sviluppo sostenibile attraverso la concertazione di tutti i portatori di interessi presenti nella societ\u00e0. Nel mondo ci sono oltre 2000 Amministrazioni, dalle pi\u00f9 grandi metropoli alle piccole citt\u00e0, che hanno adottato piani in linea con gli indirizzi dell&#8217;A21L.<\/p>\n<p>Un primo appuntamento, per il quale il suddetto Coordinamento ed ISES ITALIA collaboreranno, \u00e8 EuroSun 2002 (Bologna, 23-26 giugno), dedicato al tema delle &#8220;Energie rinnovabili per le Comunit\u00e0 Locali d&#8217;Europa&#8221;. La collaborazione riguarder\u00e0 anche la preparazione di &#8220;Rio+10&#8221;, il nuovo Earth Summit promosso dalle Nazioni Unite, che si terr\u00e0 a Johannesbourg nel prossimo settembre, per fare il punto su quanto \u00e8 stato fatto e che cosa potr\u00e0 essere fatto per l&#8217;ambiente e lo sviluppo socio-economico a 10 anni di distanza dal vertice di Rio del &#8217;92. Questo nuovo vertice mondiale rivestir\u00e0 una grande importanza, perch\u00e9 cade in un momento di rinnovata preoccupazione per lo stato dell&#8217;ambiente e per le condizioni di sviluppo e di sicurezza nel mondo.<\/p>\n<p>Per ulteriori informazioni: www.a21italy.it<\/p>\n<p><strong>SunDay 2002: Domenica 23 giugno 2002<\/strong><\/p>\n<p>Domenica 23 giugno, in prossimit\u00e0 del solstizio d&#8217;estate, si celebrer\u00e0 in tutta Europa la nona edizione del SunDay, il giorno del Sole, una manifestazione organizzata da ISES Europe in collaborazione con le Sezioni europee dell&#8217;International Solar Energy Society.<\/p>\n<p>In ogni Comune si potr\u00e0 organizzare un evento per promuovere l&#8217;energia solare.<\/p>\n<p>Per informazioni: www.isesitalia.it<\/p>\n<p>Hanno collaborato a questo numero:<\/p>\n<p>Pietro Tarquini<\/p>\n<p>Numero chiuso il 17 aprile 2002<\/p>\n","protected":false},"excerpt":{"rendered":"<p>Scarica il PDF:\u00a0IlSolea360gradi &#8211; Anno IX &#8211; N.3 Marzo 2002 Newsletter mensile di ISES ITALIA con INSERTO N.1 DE ILSOLEA360GRADICOMPATIBILIT\u00c0 AMBIENTALE DEGLI IMPIANTI EOLICI Sviluppo del mercato e inserimento nel territorio italiano Nell&#8217;inserto sono riportati i contenuti del convegno organizzato dal Ministero dell&#8217;Ambiente e della Tutela del Territorio e da ISES ITALIA su &#8220;Compatibilit\u00e0 ambientale &hellip; <a href=\"http:\/\/gses.it\/360archive\/2002\/03\/01\/n-3-marzo-2002\/\" class=\"more-link\">Continue reading <span class=\"screen-reader-text\">N. 3 MARZO 2002<\/span> <span class=\"meta-nav\">&rarr;<\/span><\/a><\/p>\n","protected":false},"author":2,"featured_media":0,"comment_status":"closed","ping_status":"closed","sticky":false,"template":"","format":"standard","meta":[],"categories":[20],"tags":[],"_links":{"self":[{"href":"http:\/\/gses.it\/360archive\/wp-json\/wp\/v2\/posts\/263"}],"collection":[{"href":"http:\/\/gses.it\/360archive\/wp-json\/wp\/v2\/posts"}],"about":[{"href":"http:\/\/gses.it\/360archive\/wp-json\/wp\/v2\/types\/post"}],"author":[{"embeddable":true,"href":"http:\/\/gses.it\/360archive\/wp-json\/wp\/v2\/users\/2"}],"replies":[{"embeddable":true,"href":"http:\/\/gses.it\/360archive\/wp-json\/wp\/v2\/comments?post=263"}],"version-history":[{"count":4,"href":"http:\/\/gses.it\/360archive\/wp-json\/wp\/v2\/posts\/263\/revisions"}],"predecessor-version":[{"id":751,"href":"http:\/\/gses.it\/360archive\/wp-json\/wp\/v2\/posts\/263\/revisions\/751"}],"wp:attachment":[{"href":"http:\/\/gses.it\/360archive\/wp-json\/wp\/v2\/media?parent=263"}],"wp:term":[{"taxonomy":"category","embeddable":true,"href":"http:\/\/gses.it\/360archive\/wp-json\/wp\/v2\/categories?post=263"},{"taxonomy":"post_tag","embeddable":true,"href":"http:\/\/gses.it\/360archive\/wp-json\/wp\/v2\/tags?post=263"}],"curies":[{"name":"wp","href":"https:\/\/api.w.org\/{rel}","templated":true}]}}